{"id":35487,"date":"2015-01-16T13:49:47","date_gmt":"2015-01-16T16:49:47","guid":{"rendered":"http:\/\/cordobatimes.com\/showup\/?p=35487"},"modified":"2020-02-12T08:28:52","modified_gmt":"2020-02-12T11:28:52","slug":"se-viene-esperanza-mia-la-ficcion-que-protagonizara-lali-y-mariano-martinez","status":"publish","type":"post","link":"https:\/\/www.cordobatimes.com\/showup\/tv\/2015\/01\/16\/se-viene-esperanza-mia-la-ficcion-que-protagonizara-lali-y-mariano-martinez\/","title":{"rendered":"Se viene \u00abEsperanza M\u00eda\u00bb, la ficci\u00f3n que protagonizar\u00e1 Lali y Mariano Mart\u00ednez"},"content":{"rendered":"<h3 style=\"text-align: justify;\"><strong>La bell\u00edsima artista teen \u00a0se prepara para su primer protag\u00f3nico en televisi\u00f3n. <\/strong><\/h3>\n<p style=\"text-align: justify;\">La actriz y cantante har\u00e1 dupla con Mariano Mart\u00ednez en \u00abEsperanza M\u00eda\u00bb, la nueva ficci\u00f3n de Pol-ka se ver\u00e1 en el prime time de la pantalla de El Trece a partir de marzo de 2015.<\/p>\n<p style=\"text-align: justify;\">\u00abMi personaje ser\u00e1 de una chica se est\u00e1 escapando de algo -que no quiere revelar- y se oculta en un convento. Eso le da todos los condimentos t\u00edpicos: la madre superiora buena, la mala, la compinche. Y tambi\u00e9n va a haber un coro. Va a estar muy bueno\u00bb, adelanta la actriz que tambi\u00e9n mezclar\u00e1 musicales en sus escenas.<\/p>\n<p style=\"text-align: justify;\">Mariano, por su parte, ser\u00e1 el cura del convento y quien enamorar\u00e1 al personaje de Lali, quien cambi\u00f3 su look para la nueva ficci\u00f3n. La cantante se hab\u00eda te\u00f1ido de rubia el \u00faltimo a\u00f1o pero volvi\u00f3 al morocho.<\/p>\n<p style=\"text-align: justify;\">Como en toda historia de amor, la villana y enemiga de la protagonista no puede faltar y en \u00abEsperanza M\u00eda\u00bb ser\u00e1 Natalie P\u00e9rez. Leticia Siciliani, que debut\u00f3 en \u00abMis amigos de siempre\u00bb tambi\u00e9n formar\u00e1 parte del elenco junto a \u00c1ngela Torres, quien sorprendi\u00f3 con nuevo look para la ficci\u00f3n, ahora est\u00e1 peliroja.<\/p>\n<p style=\"text-align: justify;\">Ana Mar\u00eda Picchio, Gabriela Toscano y Federico D&#8217;El\u00eda ser\u00e1n los \u00abgrandes\u00bb de la novela. D&#8217;El\u00eda ser\u00e1 Jorge, el pap\u00e1 de Esperanza, el personaje de Lali, y Toscano ser\u00e1 la madre de la novicia.<\/p>\n","protected":false},"excerpt":{"rendered":"<p>La bell\u00edsima artista teen \u00a0se prepara para su primer protag\u00f3nico en televisi\u00f3n. La actriz y cantante har\u00e1 dupla con Mariano Mart\u00ednez en \u00abEsperanza M\u00eda\u00bb, la nueva ficci\u00f3n de Pol-ka se ver\u00e1 en el prime time de la pantalla de El Trece a partir de marzo de 2015. \u00abMi personaje ser\u00e1 de una chica se est\u00e1 [&hellip;]<\/p>\n","protected":false},"author":9,"featured_media":35488,"comment_status":"closed","ping_status":"closed","sticky":false,"template":"","format":"standard","meta":{"_seopress_robots_primary_cat":"","_seopress_titles_title":"","_seopress_titles_desc":"","_seopress_robots_index":"","footnotes":""},"categories":[2],"tags":[29629,29630],"class_list":{"0":"post-35487","1":"post","2":"type-post","3":"status-publish","4":"format-standard","5":"has-post-thumbnail","7":"category-tv","8":"tag-esperanza-mia-la-ficcion-que-protagonizara-lali-y-mariano-martinez","9":"tag-lali-y-mariano-martinez"},"_links":{"self":[{"href":"https:\/\/www.cordobatimes.com\/showup\/wp-json\/wp\/v2\/posts\/35487","targetHints":{"allow":["GET"]}}],"collection":[{"href":"https:\/\/www.cordobatimes.com\/showup\/wp-json\/wp\/v2\/posts"}],"about":[{"href":"https:\/\/www.cordobatimes.com\/showup\/wp-json\/wp\/v2\/types\/post"}],"author":[{"embeddable":true,"href":"https:\/\/www.cordobatimes.com\/showup\/wp-json\/wp\/v2\/users\/9"}],"replies":[{"embeddable":true,"href":"https:\/\/www.cordobatimes.com\/showup\/wp-json\/wp\/v2\/comments?post=35487"}],"version-history":[{"count":0,"href":"https:\/\/www.cordobatimes.com\/showup\/wp-json\/wp\/v2\/posts\/35487\/revisions"}],"wp:featuredmedia":[{"embeddable":true,"href":"https:\/\/www.cordobatimes.com\/showup\/wp-json\/wp\/v2\/media\/35488"}],"wp:attachment":[{"href":"https:\/\/www.cordobatimes.com\/showup\/wp-json\/wp\/v2\/media?parent=35487"}],"wp:term":[{"taxonomy":"category","embeddable":true,"href":"https:\/\/www.cordobatimes.com\/showup\/wp-json\/wp\/v2\/categories?post=35487"},{"taxonomy":"post_tag","embeddable":true,"href":"https:\/\/www.cordobatimes.com\/showup\/wp-json\/wp\/v2\/tags?post=35487"}],"curies":[{"name":"wp","href":"https:\/\/api.w.org\/{rel}","templated":true}]}}