{"id":35483,"date":"2015-01-16T13:42:27","date_gmt":"2015-01-16T16:42:27","guid":{"rendered":"http:\/\/cordobatimes.com\/showup\/?p=35483"},"modified":"2020-02-12T08:32:51","modified_gmt":"2020-02-12T11:32:51","slug":"julieta-diaz-escribio-una-tierna-carta-luego-del-alta-medico-de-su-beba-elena","status":"publish","type":"post","link":"https:\/\/www.cordobatimes.com\/showup\/famosos\/2015\/01\/16\/julieta-diaz-escribio-una-tierna-carta-luego-del-alta-medico-de-su-beba-elena\/","title":{"rendered":"Julieta D\u00edaz escribi\u00f3 una tierna carta luego del alta m\u00e9dico de su beba, Elena"},"content":{"rendered":"<h3 style=\"text-align: justify;\"><strong>Luego de tener a su peque\u00f1a hija un mes en Neonatolog\u00eda, la actriz decidi\u00f3 expresar todos sus sentimientos a trav\u00e9s de unas c\u00e1lidas l\u00edneas.<\/strong><\/h3>\n<p style=\"text-align: justify;\">Recordemos que Elena Antonia, reci\u00e9n nacida debi\u00f3 permanecer por complicaciones respiratorias y reci\u00e9n el jueves 8 de enero tuvo el alta y es por esto que su madre comparti\u00f3 al d\u00eda siguiente la primera foto en las redes sociales.<\/p>\n<p style=\"text-align: justify;\">Llena de felicidad, la actriz agradeci\u00f3 a todos sus allegados y a los m\u00e9dicos que se ocuparon de su primog\u00e9nita y detall\u00f3 que la ni\u00f1a se encuentra en buen estado de salud.<\/p>\n<blockquote><p>\u00abDespu\u00e9s de 20 d\u00edas de internaci\u00f3n, \u00a1llegamos a casa con Elena Antonia! Estamos muy felices los tres. Quiero aprovechar este espacio para AGRADECER. Primero a la Trinidad de Palermo y a su equipo de Neonatolog\u00eda. Coco Vain, Cecilia Garc\u00eda y todo su equipo de maravillosos doctores, enfermeras, terapeutas, \u00e1rea de lactancia, secretarias, y todo, TODO, el staff. No s\u00f3lo el nivel profesional fue excelente y dedicado, si no tambi\u00e9n lo humano. El cari\u00f1o, la precauci\u00f3n, el respeto, el tiempo, la dedicaci\u00f3n, la generosidad, contenci\u00f3n, la profesionalidad, TODO. Y s\u00e9 que el trato especial no fue s\u00f3lo con nosotros\/conmigo. Estuvimos con mi marido 20 d\u00edas sentados casi 10, 12 horas en Neo de la Trinidad y vi c\u00f3mo trabajaban y c\u00f3mo trataban a los bebes de padres que no estaban presentes. Con la misma dedicaci\u00f3n, seriedad y amor a todos. Vi c\u00f3mo cuando yo llegaba un poco tarde a darle la teta a Elena y ella ya estaba despierta y boqueado, la sosten\u00edan en brazos para calmarla. Ese tipo de cosas todo el tiempo, todos los d\u00edas, con todos los beb\u00e9s. Tambi\u00e9n pude ser testigo del tiempo y dedicaci\u00f3n que los doctores y su equipo se toman para explicar y ense\u00f1ar. No nos alcanzan las palabras para agradecer lo q han hecho por Elena y por nosotros. C\u00f3mo nos han contenido y ense\u00f1ado todos los d\u00edas.<\/p>\n<p>Personalmente, adem\u00e1s, quiero contar que me toc\u00f3 un grupo de madres con otros beb\u00e9s en Neo con el que se form\u00f3 (me imagino que ocurre seguido) un grupo tambi\u00e9n de contenci\u00f3n hermoso y donde tambi\u00e9n nos permit\u00edamos re\u00edrnos un rato de tonter\u00edas que tanto nos hac\u00eda falta. Gisela, Guadalupe, Ver\u00f3nica, Agustina, Loana, Ana, las dos Gabys y muchas madres m\u00e1s. Hoy amigas.<\/p>\n<p>Les deseamos los mejor a sus hijos, a ellas y a sus familias. Y gracias a nuestra familia, a nuestros amigos (familia elegida) y a ustedes por hacernos llegar sus mensajes de cari\u00f1o y buena energ\u00eda. Ahora estamos dedicados cien por cien a Elena y podemos disfrutarla las 24 horas. \u00a1Qu\u00e9 felicidad tan grande!\u00bb<\/p><\/blockquote>\n<blockquote class=\"twitter-tweet\" lang=\"es\"><p>Les presento a Elena Antonia (versi\u00f3n punk) \u2764\ufe0f <a href=\"http:\/\/t.co\/WDa6bBhqtN\">pic.twitter.com\/WDa6bBhqtN<\/a><\/p>\n<p>\u2014 Julieta Diaz (@julietadiazok) <a href=\"https:\/\/twitter.com\/julietadiazok\/status\/553664445172686849\">enero 9, 2015<\/a><\/p><\/blockquote>\n<p>&nbsp;<\/p>\n","protected":false},"excerpt":{"rendered":"<p>Luego de tener a su peque\u00f1a hija un mes en Neonatolog\u00eda, la actriz decidi\u00f3 expresar todos sus sentimientos a trav\u00e9s de unas c\u00e1lidas l\u00edneas. Recordemos que Elena Antonia, reci\u00e9n nacida debi\u00f3 permanecer por complicaciones respiratorias y reci\u00e9n el jueves 8 de enero tuvo el alta y es por esto que su madre comparti\u00f3 al d\u00eda [&hellip;]<\/p>\n","protected":false},"author":9,"featured_media":35485,"comment_status":"closed","ping_status":"closed","sticky":false,"template":"","format":"standard","meta":{"_seopress_robots_primary_cat":"","_seopress_titles_title":"","_seopress_titles_desc":"","_seopress_robots_index":"","footnotes":""},"categories":[4],"tags":[29454,29631],"class_list":{"0":"post-35483","1":"post","2":"type-post","3":"status-publish","4":"format-standard","5":"has-post-thumbnail","7":"category-famosos","8":"tag-hija-de-julieta-diaz","9":"tag-julieta-diaz-y-elena"},"_links":{"self":[{"href":"https:\/\/www.cordobatimes.com\/showup\/wp-json\/wp\/v2\/posts\/35483","targetHints":{"allow":["GET"]}}],"collection":[{"href":"https:\/\/www.cordobatimes.com\/showup\/wp-json\/wp\/v2\/posts"}],"about":[{"href":"https:\/\/www.cordobatimes.com\/showup\/wp-json\/wp\/v2\/types\/post"}],"author":[{"embeddable":true,"href":"https:\/\/www.cordobatimes.com\/showup\/wp-json\/wp\/v2\/users\/9"}],"replies":[{"embeddable":true,"href":"https:\/\/www.cordobatimes.com\/showup\/wp-json\/wp\/v2\/comments?post=35483"}],"version-history":[{"count":0,"href":"https:\/\/www.cordobatimes.com\/showup\/wp-json\/wp\/v2\/posts\/35483\/revisions"}],"wp:featuredmedia":[{"embeddable":true,"href":"https:\/\/www.cordobatimes.com\/showup\/wp-json\/wp\/v2\/media\/35485"}],"wp:attachment":[{"href":"https:\/\/www.cordobatimes.com\/showup\/wp-json\/wp\/v2\/media?parent=35483"}],"wp:term":[{"taxonomy":"category","embeddable":true,"href":"https:\/\/www.cordobatimes.com\/showup\/wp-json\/wp\/v2\/categories?post=35483"},{"taxonomy":"post_tag","embeddable":true,"href":"https:\/\/www.cordobatimes.com\/showup\/wp-json\/wp\/v2\/tags?post=35483"}],"curies":[{"name":"wp","href":"https:\/\/api.w.org\/{rel}","templated":true}]}}