{"id":35448,"date":"2015-01-15T10:58:58","date_gmt":"2015-01-15T13:58:58","guid":{"rendered":"http:\/\/cordobatimes.com\/showup\/?p=35448"},"modified":"2020-02-12T10:44:07","modified_gmt":"2020-02-12T13:44:07","slug":"de-la-sota-bailo-junto-a-anibal-pachano-en-este-es-el-show-video","status":"publish","type":"post","link":"https:\/\/www.cordobatimes.com\/showup\/tv\/2015\/01\/15\/de-la-sota-bailo-junto-a-anibal-pachano-en-este-es-el-show-video\/","title":{"rendered":"De La Sota bail\u00f3 junto a An\u00edbal Pachano en \u00abEste es el show\u00bb (Video)"},"content":{"rendered":"<h3 style=\"text-align: justify;\"><strong>El gobernador de C\u00f3rdoba, Jos\u00e9 Manuel, \u00a0sorprendi\u00f3 al participar de una coreograf\u00eda para dar paso al m\u00f3vil desde Villa Carlos Paz.<\/strong><\/h3>\n<p style=\"text-align: justify;\">Bajo las \u00f3rdenes de An\u00edbal Pachano y la participaci\u00f3n del elenco de \u00abFamily\u00bb, el gobernador, que estuvo en la localidad serrana agasajando a los artistas con un asado, demostr\u00f3 sus dotes en el baile.<\/p>\n<p style=\"text-align: justify;\">Adem\u00e1s se permiti\u00f3 entonar algunas estrofas de \u00abY apareciste t\u00fa\u00bb, la canci\u00f3n que ya es su marca registrada.<\/p>\n<p style=\"text-align: justify;\">No te pierdas el video.<\/p>\n<p><iframe loading=\"lazy\" src=\"\/\/www.youtube.com\/embed\/jB6K3rXt8KI\" width=\"560\" height=\"315\" frameborder=\"0\" allowfullscreen=\"allowfullscreen\"><\/iframe><\/p>\n","protected":false},"excerpt":{"rendered":"<p>El gobernador de C\u00f3rdoba, Jos\u00e9 Manuel, \u00a0sorprendi\u00f3 al participar de una coreograf\u00eda para dar paso al m\u00f3vil desde Villa Carlos Paz. Bajo las \u00f3rdenes de An\u00edbal Pachano y la participaci\u00f3n del elenco de \u00abFamily\u00bb, el gobernador, que estuvo en la localidad serrana agasajando a los artistas con un asado, demostr\u00f3 sus dotes en el baile. [&hellip;]<\/p>\n","protected":false},"author":9,"featured_media":35450,"comment_status":"closed","ping_status":"closed","sticky":false,"template":"","format":"standard","meta":{"_seopress_robots_primary_cat":"","_seopress_titles_title":"","_seopress_titles_desc":"","_seopress_robots_index":"","footnotes":""},"categories":[2],"tags":[29636,29637,29638],"class_list":{"0":"post-35448","1":"post","2":"type-post","3":"status-publish","4":"format-standard","5":"has-post-thumbnail","7":"category-tv","8":"tag-de-la-sota-bailo-junto-a-anibal-pachano","9":"tag-juan-manuel-de-la-sota-bailo-junto-a-anibal-pachano","10":"tag-juan-manuel-de-la-sota-en-este-es-el-show"},"_links":{"self":[{"href":"https:\/\/www.cordobatimes.com\/showup\/wp-json\/wp\/v2\/posts\/35448","targetHints":{"allow":["GET"]}}],"collection":[{"href":"https:\/\/www.cordobatimes.com\/showup\/wp-json\/wp\/v2\/posts"}],"about":[{"href":"https:\/\/www.cordobatimes.com\/showup\/wp-json\/wp\/v2\/types\/post"}],"author":[{"embeddable":true,"href":"https:\/\/www.cordobatimes.com\/showup\/wp-json\/wp\/v2\/users\/9"}],"replies":[{"embeddable":true,"href":"https:\/\/www.cordobatimes.com\/showup\/wp-json\/wp\/v2\/comments?post=35448"}],"version-history":[{"count":0,"href":"https:\/\/www.cordobatimes.com\/showup\/wp-json\/wp\/v2\/posts\/35448\/revisions"}],"wp:featuredmedia":[{"embeddable":true,"href":"https:\/\/www.cordobatimes.com\/showup\/wp-json\/wp\/v2\/media\/35450"}],"wp:attachment":[{"href":"https:\/\/www.cordobatimes.com\/showup\/wp-json\/wp\/v2\/media?parent=35448"}],"wp:term":[{"taxonomy":"category","embeddable":true,"href":"https:\/\/www.cordobatimes.com\/showup\/wp-json\/wp\/v2\/categories?post=35448"},{"taxonomy":"post_tag","embeddable":true,"href":"https:\/\/www.cordobatimes.com\/showup\/wp-json\/wp\/v2\/tags?post=35448"}],"curies":[{"name":"wp","href":"https:\/\/api.w.org\/{rel}","templated":true}]}}