{"id":35393,"date":"2015-01-13T18:15:56","date_gmt":"2015-01-13T21:15:56","guid":{"rendered":"http:\/\/cordobatimes.com\/showup\/?p=35393"},"modified":"2020-02-12T11:13:25","modified_gmt":"2020-02-12T14:13:25","slug":"barbara-evans-es-la-nueva-ganadora-del-balon-de-oro-rosa-fotos","status":"publish","type":"post","link":"https:\/\/www.cordobatimes.com\/showup\/famosos\/2015\/01\/13\/barbara-evans-es-la-nueva-ganadora-del-balon-de-oro-rosa-fotos\/","title":{"rendered":"B\u00e1rbara Evans es la nueva ganadora del Bal\u00f3n de Oro Rosa (Fotos)"},"content":{"rendered":"<h3 style=\"text-align: justify;\"><strong>Ella es una modelo brasile\u00f1a que estuvo en pareja con Paolo Guerrero, un delantero peruano que juega en el Corinthians.<\/strong><\/h3>\n<p>Barbara se qued\u00f3 con el Bal\u00f3n Rosa de Oro a la botinera m\u00e1s linda.<\/p>\n<p>El mismo premio lo hab\u00eda ganado en 2013 la modelo argentina Natalie Weber, mujer de Mauro Z\u00e1rate.<\/p>\n<p>Si no la conoc\u00edas no te pierdas la galer\u00eda de im\u00e1genes que armamos s\u00f3lo para vos.<\/p>\n<p><a href=\"http:\/\/cordobatimes.com\/showup\/wp-content\/uploads\/2015\/01\/5.jpg\"><img loading=\"lazy\" decoding=\"async\" class=\"alignnone size-full wp-image-35406\" src=\"http:\/\/cordobatimes.com\/showup\/wp-content\/uploads\/2015\/01\/5.jpg\" alt=\"5\" width=\"611\" height=\"308\" data-id=\"35406\" srcset=\"https:\/\/www.cordobatimes.com\/showup\/wp-content\/uploads\/2015\/01\/5.jpg 611w, https:\/\/www.cordobatimes.com\/showup\/wp-content\/uploads\/2015\/01\/5-300x151.jpg 300w\" sizes=\"auto, (max-width: 611px) 100vw, 611px\" \/><\/a><\/p>\n<p>&nbsp;<\/p>\n<p><a href=\"http:\/\/cordobatimes.com\/showup\/wp-content\/uploads\/2015\/01\/6.jpg\"><img loading=\"lazy\" decoding=\"async\" class=\"alignnone size-full wp-image-35407\" src=\"http:\/\/cordobatimes.com\/showup\/wp-content\/uploads\/2015\/01\/6.jpg\" alt=\"6\" width=\"611\" height=\"308\" data-id=\"35407\" srcset=\"https:\/\/www.cordobatimes.com\/showup\/wp-content\/uploads\/2015\/01\/6.jpg 611w, https:\/\/www.cordobatimes.com\/showup\/wp-content\/uploads\/2015\/01\/6-300x151.jpg 300w\" sizes=\"auto, (max-width: 611px) 100vw, 611px\" \/><\/a><\/p>\n<p>&nbsp;<\/p>\n<p><a href=\"http:\/\/cordobatimes.com\/showup\/wp-content\/uploads\/2015\/01\/7.jpg\"><img loading=\"lazy\" decoding=\"async\" class=\"alignnone size-full wp-image-35408\" src=\"http:\/\/cordobatimes.com\/showup\/wp-content\/uploads\/2015\/01\/7.jpg\" alt=\"7\" width=\"611\" height=\"308\" data-id=\"35408\" srcset=\"https:\/\/www.cordobatimes.com\/showup\/wp-content\/uploads\/2015\/01\/7.jpg 611w, https:\/\/www.cordobatimes.com\/showup\/wp-content\/uploads\/2015\/01\/7-300x151.jpg 300w\" sizes=\"auto, (max-width: 611px) 100vw, 611px\" \/><\/a><\/p>\n<p>&nbsp;<\/p>\n<p><a href=\"http:\/\/cordobatimes.com\/showup\/wp-content\/uploads\/2015\/01\/8.jpg\"><img loading=\"lazy\" decoding=\"async\" class=\"alignnone size-full wp-image-35409\" src=\"http:\/\/cordobatimes.com\/showup\/wp-content\/uploads\/2015\/01\/8.jpg\" alt=\"8\" width=\"611\" height=\"308\" data-id=\"35409\" srcset=\"https:\/\/www.cordobatimes.com\/showup\/wp-content\/uploads\/2015\/01\/8.jpg 611w, https:\/\/www.cordobatimes.com\/showup\/wp-content\/uploads\/2015\/01\/8-300x151.jpg 300w\" sizes=\"auto, (max-width: 611px) 100vw, 611px\" \/><\/a><\/p>\n","protected":false},"excerpt":{"rendered":"<p>Ella es una modelo brasile\u00f1a que estuvo en pareja con Paolo Guerrero, un delantero peruano que juega en el Corinthians. Barbara se qued\u00f3 con el Bal\u00f3n Rosa de Oro a la botinera m\u00e1s linda. El mismo premio lo hab\u00eda ganado en 2013 la modelo argentina Natalie Weber, mujer de Mauro Z\u00e1rate. Si no la conoc\u00edas [&hellip;]<\/p>\n","protected":false},"author":9,"featured_media":35405,"comment_status":"closed","ping_status":"closed","sticky":false,"template":"","format":"standard","meta":{"_seopress_robots_primary_cat":"","_seopress_titles_title":"","_seopress_titles_desc":"","_seopress_robots_index":"","footnotes":""},"categories":[4],"tags":[29643,29644],"class_list":{"0":"post-35393","1":"post","2":"type-post","3":"status-publish","4":"format-standard","5":"has-post-thumbnail","7":"category-famosos","8":"tag-barbara-evans-ganadora-del-balon-de-oro-rosa","9":"tag-barbara-evans-y-balon-de-oro-rosa"},"_links":{"self":[{"href":"https:\/\/www.cordobatimes.com\/showup\/wp-json\/wp\/v2\/posts\/35393","targetHints":{"allow":["GET"]}}],"collection":[{"href":"https:\/\/www.cordobatimes.com\/showup\/wp-json\/wp\/v2\/posts"}],"about":[{"href":"https:\/\/www.cordobatimes.com\/showup\/wp-json\/wp\/v2\/types\/post"}],"author":[{"embeddable":true,"href":"https:\/\/www.cordobatimes.com\/showup\/wp-json\/wp\/v2\/users\/9"}],"replies":[{"embeddable":true,"href":"https:\/\/www.cordobatimes.com\/showup\/wp-json\/wp\/v2\/comments?post=35393"}],"version-history":[{"count":0,"href":"https:\/\/www.cordobatimes.com\/showup\/wp-json\/wp\/v2\/posts\/35393\/revisions"}],"wp:featuredmedia":[{"embeddable":true,"href":"https:\/\/www.cordobatimes.com\/showup\/wp-json\/wp\/v2\/media\/35405"}],"wp:attachment":[{"href":"https:\/\/www.cordobatimes.com\/showup\/wp-json\/wp\/v2\/media?parent=35393"}],"wp:term":[{"taxonomy":"category","embeddable":true,"href":"https:\/\/www.cordobatimes.com\/showup\/wp-json\/wp\/v2\/categories?post=35393"},{"taxonomy":"post_tag","embeddable":true,"href":"https:\/\/www.cordobatimes.com\/showup\/wp-json\/wp\/v2\/tags?post=35393"}],"curies":[{"name":"wp","href":"https:\/\/api.w.org\/{rel}","templated":true}]}}