{"id":35355,"date":"2015-01-14T15:56:52","date_gmt":"2015-01-14T18:56:52","guid":{"rendered":"http:\/\/cordobatimes.com\/showup\/?p=35355"},"modified":"2020-02-12T10:57:19","modified_gmt":"2020-02-12T13:57:19","slug":"alejandro-sanz-prepara-su-nuevo-disco","status":"publish","type":"post","link":"https:\/\/www.cordobatimes.com\/showup\/musica\/2015\/01\/14\/alejandro-sanz-prepara-su-nuevo-disco\/","title":{"rendered":"Alejandro Sanz prepara su nuevo disco"},"content":{"rendered":"<h3 style=\"text-align: justify;\"><strong>Este a\u00f1o lleg\u00f3 con nuevas producciones para el reconocido cantante.\u00a0<\/strong><\/h3>\n<p style=\"text-align: justify;\">El m\u00fasico espa\u00f1ol Alejandro Sanz ya tiene listo su nuevo disco de estudio, seg\u00fan \u00e9l mismo ha anunciado a trav\u00e9s de las redes sociales con un mensaje tan escueto como esperado por sus millones de fans.<\/p>\n<p style=\"text-align: justify;\">\u00abOficialmente hemos terminado la grabaci\u00f3n del disco\u00bb, ha dicho el madrile\u00f1o sobre este trabajo, que llegar\u00e1 tres a\u00f1os despu\u00e9s de \u00abLa m\u00fasica no se toca\u00bb (2012).<\/p>\n<p style=\"text-align: justify;\">Sanz ha elegido ya cual ser\u00e1 el primer single del disco, aunque por ahora no hay ni t\u00edtulos ni fechas de publicaci\u00f3n.<\/p>\n<p style=\"text-align: justify;\">Estaremos a la espera de novedades sobre su \u00faltimo trabajo discogr\u00e1fico.<\/p>\n","protected":false},"excerpt":{"rendered":"<p>Este a\u00f1o lleg\u00f3 con nuevas producciones para el reconocido cantante.\u00a0 El m\u00fasico espa\u00f1ol Alejandro Sanz ya tiene listo su nuevo disco de estudio, seg\u00fan \u00e9l mismo ha anunciado a trav\u00e9s de las redes sociales con un mensaje tan escueto como esperado por sus millones de fans. \u00abOficialmente hemos terminado la grabaci\u00f3n del disco\u00bb, ha dicho [&hellip;]<\/p>\n","protected":false},"author":9,"featured_media":35436,"comment_status":"closed","ping_status":"closed","sticky":false,"template":"","format":"standard","meta":{"_seopress_robots_primary_cat":"","_seopress_titles_title":"","_seopress_titles_desc":"","_seopress_robots_index":"","footnotes":""},"categories":[5],"tags":[29641],"class_list":{"0":"post-35355","1":"post","2":"type-post","3":"status-publish","4":"format-standard","5":"has-post-thumbnail","7":"category-musica","8":"tag-discografia-de-alejandro-sanz"},"_links":{"self":[{"href":"https:\/\/www.cordobatimes.com\/showup\/wp-json\/wp\/v2\/posts\/35355","targetHints":{"allow":["GET"]}}],"collection":[{"href":"https:\/\/www.cordobatimes.com\/showup\/wp-json\/wp\/v2\/posts"}],"about":[{"href":"https:\/\/www.cordobatimes.com\/showup\/wp-json\/wp\/v2\/types\/post"}],"author":[{"embeddable":true,"href":"https:\/\/www.cordobatimes.com\/showup\/wp-json\/wp\/v2\/users\/9"}],"replies":[{"embeddable":true,"href":"https:\/\/www.cordobatimes.com\/showup\/wp-json\/wp\/v2\/comments?post=35355"}],"version-history":[{"count":0,"href":"https:\/\/www.cordobatimes.com\/showup\/wp-json\/wp\/v2\/posts\/35355\/revisions"}],"wp:featuredmedia":[{"embeddable":true,"href":"https:\/\/www.cordobatimes.com\/showup\/wp-json\/wp\/v2\/media\/35436"}],"wp:attachment":[{"href":"https:\/\/www.cordobatimes.com\/showup\/wp-json\/wp\/v2\/media?parent=35355"}],"wp:term":[{"taxonomy":"category","embeddable":true,"href":"https:\/\/www.cordobatimes.com\/showup\/wp-json\/wp\/v2\/categories?post=35355"},{"taxonomy":"post_tag","embeddable":true,"href":"https:\/\/www.cordobatimes.com\/showup\/wp-json\/wp\/v2\/tags?post=35355"}],"curies":[{"name":"wp","href":"https:\/\/api.w.org\/{rel}","templated":true}]}}