{"id":35338,"date":"2015-01-08T16:56:19","date_gmt":"2015-01-08T19:56:19","guid":{"rendered":"http:\/\/cordobatimes.com\/showup\/?p=35338"},"modified":"2020-02-13T21:27:56","modified_gmt":"2020-02-14T00:27:56","slug":"angelina-jolie-visito-a-francisco-despues-de-presentar-su-pelicula-unbroken","status":"publish","type":"post","link":"https:\/\/www.cordobatimes.com\/showup\/famosos\/2015\/01\/08\/angelina-jolie-visito-a-francisco-despues-de-presentar-su-pelicula-unbroken\/","title":{"rendered":"Angelina Jolie visit\u00f3 a Francisco despu\u00e9s de presentar su pel\u00edcula, \u00abUnbroken\u00bb"},"content":{"rendered":"<h3 style=\"text-align: justify;\"><strong>La bella actriz se present\u00f3 en los jardines del Vaticano para presentar su \u00faltimo trabajo cinematogr\u00e1fico y \u00a0mantuvo un breve encuentro con el Papa.<\/strong><\/h3>\n<p style=\"text-align: justify;\">El pont\u00edfice no pudo asistir a la proyecci\u00f3n de la cinta por tener otros compromisos pero s\u00ed que ha querido conocer a la actriz y directora estadounidense, a quien recibi\u00f3 \u201cde un modo rapid\u00edsimo\u201d, inform\u00f3 a EFE una fuente de la Santa Sede.<\/p>\n<p style=\"text-align: justify;\">Al t\u00e9rmino de la proyecci\u00f3n, Jolie, acompa\u00f1ada por dos de sus seis hijos, salud\u00f3 al pont\u00edfice durante unos instantes.<\/p>\n<p style=\"text-align: justify;\">\u00abUnbroken\u00bb es el \u00faltimo trabajo de Jolie y con \u00e9l narra la historia real de Louie Zamperini, un atleta ol\u00edmpico en Berl\u00edn 1936 y h\u00e9roe de la Segunda Guerra Mundial que pas\u00f3 por incontables y crudas situaciones. A la proyecci\u00f3n en la Casina P\u00edo IV (un pabell\u00f3n dentro de los Jardines Vaticanos) tambi\u00e9n asisti\u00f3 Luke Zamperini, hijo del protagonista real de la pel\u00edcula cuya vida ya recogi\u00f3 en 2010 la escritora Laura Hillenbrand en un libro de enorme \u00e9xito.<\/p>\n<p style=\"text-align: justify;\">\u201cSer invitada y proyectar \u2018Unbroken\u2019 en el Vaticano es un honor y un homenaje a la memoria de Louis, un hombre de fe que representa la fuerza del esp\u00edritu humano\u201d, coment\u00f3 Jolie a los medios.<\/p>\n","protected":false},"excerpt":{"rendered":"<p>La bella actriz se present\u00f3 en los jardines del Vaticano para presentar su \u00faltimo trabajo cinematogr\u00e1fico y \u00a0mantuvo un breve encuentro con el Papa. El pont\u00edfice no pudo asistir a la proyecci\u00f3n de la cinta por tener otros compromisos pero s\u00ed que ha querido conocer a la actriz y directora estadounidense, a quien recibi\u00f3 \u201cde [&hellip;]<\/p>\n","protected":false},"author":9,"featured_media":35339,"comment_status":"closed","ping_status":"closed","sticky":false,"template":"","format":"standard","meta":{"_seopress_robots_primary_cat":"","_seopress_titles_title":"","_seopress_titles_desc":"","_seopress_robots_index":"","footnotes":""},"categories":[4],"tags":[29665],"class_list":{"0":"post-35338","1":"post","2":"type-post","3":"status-publish","4":"format-standard","5":"has-post-thumbnail","7":"category-famosos","8":"tag-angelina-jolie-y-el-papa-francisco"},"_links":{"self":[{"href":"https:\/\/www.cordobatimes.com\/showup\/wp-json\/wp\/v2\/posts\/35338","targetHints":{"allow":["GET"]}}],"collection":[{"href":"https:\/\/www.cordobatimes.com\/showup\/wp-json\/wp\/v2\/posts"}],"about":[{"href":"https:\/\/www.cordobatimes.com\/showup\/wp-json\/wp\/v2\/types\/post"}],"author":[{"embeddable":true,"href":"https:\/\/www.cordobatimes.com\/showup\/wp-json\/wp\/v2\/users\/9"}],"replies":[{"embeddable":true,"href":"https:\/\/www.cordobatimes.com\/showup\/wp-json\/wp\/v2\/comments?post=35338"}],"version-history":[{"count":0,"href":"https:\/\/www.cordobatimes.com\/showup\/wp-json\/wp\/v2\/posts\/35338\/revisions"}],"wp:featuredmedia":[{"embeddable":true,"href":"https:\/\/www.cordobatimes.com\/showup\/wp-json\/wp\/v2\/media\/35339"}],"wp:attachment":[{"href":"https:\/\/www.cordobatimes.com\/showup\/wp-json\/wp\/v2\/media?parent=35338"}],"wp:term":[{"taxonomy":"category","embeddable":true,"href":"https:\/\/www.cordobatimes.com\/showup\/wp-json\/wp\/v2\/categories?post=35338"},{"taxonomy":"post_tag","embeddable":true,"href":"https:\/\/www.cordobatimes.com\/showup\/wp-json\/wp\/v2\/tags?post=35338"}],"curies":[{"name":"wp","href":"https:\/\/api.w.org\/{rel}","templated":true}]}}