{"id":35327,"date":"2015-01-08T16:27:52","date_gmt":"2015-01-08T19:27:52","guid":{"rendered":"http:\/\/cordobatimes.com\/showup\/?p=35327"},"modified":"2020-02-13T21:32:03","modified_gmt":"2020-02-14T00:32:03","slug":"nacio-el-bebe-de-paula-morales-y-fabian-vena-valentino","status":"publish","type":"post","link":"https:\/\/www.cordobatimes.com\/showup\/famosos\/2015\/01\/08\/nacio-el-bebe-de-paula-morales-y-fabian-vena-valentino\/","title":{"rendered":"Naci\u00f3 el beb\u00e9 de Paula Morales y Fabi\u00e1n Vena: Valentino"},"content":{"rendered":"<h3 style=\"text-align: justify;\"><strong>La pareja de actores disfrutaron muy felices la llegada del nuevo integrante de la familia.\u00a0<\/strong><\/h3>\n<p style=\"text-align: justify;\">Ella se convirti\u00f3 en madre de su segundo hijo -ya tiene a Benicio de su relaci\u00f3n anterior con el psic\u00f3logo Fabi\u00e1n Lembo-, mientras que Vena tiene a Cielo y Vida, las hijas que adopt\u00f3 junto a In\u00e9s Est\u00e9vez. Seg\u00fan se supo, la bella actriz ten\u00eda una ces\u00e1rea programa para el pr\u00f3ximo lunes.<\/p>\n<p style=\"text-align: justify;\">\u00abNo me sorprendi\u00f3 la noticia porque ya ten\u00edamos muchas ganas de tener un beb\u00e9. Lo que s\u00ed nos sorprendi\u00f3 fue lo r\u00e1pido que lleg\u00f3. Apenas lo decidimos, creo que al mes siguiente ya qued\u00e9 embarazada\u00bb,<\/p>\n<p style=\"text-align: justify;\">\u00abTuvimos mucha suerte. En realidad, tampoco est\u00e1bamos en ning\u00fan apuro, pero est\u00e1bamos en un momento de la vida en la que no quer\u00edamos perder el tiempo. Esa etapa en la que quer\u00e9s cumplir los sue\u00f1os y hacer todo lo que tengas ganas en el momento que lo dese\u00e1s. Fabi\u00e1n me consiente, nos consiente a todos en realidad. Es el mejor padre que conoc\u00ed, sabe de absolutamente todo\u00bb, hab\u00eda declarado la enamorada mujer, tiempo atr\u00e1s\u00bb.<\/p>\n<p>&nbsp;<\/p>\n","protected":false},"excerpt":{"rendered":"<p>La pareja de actores disfrutaron muy felices la llegada del nuevo integrante de la familia.\u00a0 Ella se convirti\u00f3 en madre de su segundo hijo -ya tiene a Benicio de su relaci\u00f3n anterior con el psic\u00f3logo Fabi\u00e1n Lembo-, mientras que Vena tiene a Cielo y Vida, las hijas que adopt\u00f3 junto a In\u00e9s Est\u00e9vez. Seg\u00fan se [&hellip;]<\/p>\n","protected":false},"author":9,"featured_media":35328,"comment_status":"closed","ping_status":"closed","sticky":false,"template":"","format":"standard","meta":{"_seopress_robots_primary_cat":"","_seopress_titles_title":"","_seopress_titles_desc":"","_seopress_robots_index":"","footnotes":""},"categories":[4],"tags":[29667,29666],"class_list":{"0":"post-35327","1":"post","2":"type-post","3":"status-publish","4":"format-standard","5":"has-post-thumbnail","7":"category-famosos","8":"tag-hijo-de-paula-morales-y-fabian-vena","9":"tag-paula-morales-y-fabian-vena"},"_links":{"self":[{"href":"https:\/\/www.cordobatimes.com\/showup\/wp-json\/wp\/v2\/posts\/35327","targetHints":{"allow":["GET"]}}],"collection":[{"href":"https:\/\/www.cordobatimes.com\/showup\/wp-json\/wp\/v2\/posts"}],"about":[{"href":"https:\/\/www.cordobatimes.com\/showup\/wp-json\/wp\/v2\/types\/post"}],"author":[{"embeddable":true,"href":"https:\/\/www.cordobatimes.com\/showup\/wp-json\/wp\/v2\/users\/9"}],"replies":[{"embeddable":true,"href":"https:\/\/www.cordobatimes.com\/showup\/wp-json\/wp\/v2\/comments?post=35327"}],"version-history":[{"count":0,"href":"https:\/\/www.cordobatimes.com\/showup\/wp-json\/wp\/v2\/posts\/35327\/revisions"}],"wp:featuredmedia":[{"embeddable":true,"href":"https:\/\/www.cordobatimes.com\/showup\/wp-json\/wp\/v2\/media\/35328"}],"wp:attachment":[{"href":"https:\/\/www.cordobatimes.com\/showup\/wp-json\/wp\/v2\/media?parent=35327"}],"wp:term":[{"taxonomy":"category","embeddable":true,"href":"https:\/\/www.cordobatimes.com\/showup\/wp-json\/wp\/v2\/categories?post=35327"},{"taxonomy":"post_tag","embeddable":true,"href":"https:\/\/www.cordobatimes.com\/showup\/wp-json\/wp\/v2\/tags?post=35327"}],"curies":[{"name":"wp","href":"https:\/\/api.w.org\/{rel}","templated":true}]}}