{"id":35308,"date":"2015-01-06T15:51:33","date_gmt":"2015-01-06T18:51:33","guid":{"rendered":"http:\/\/cordobatimes.com\/showup\/?p=35308"},"modified":"2020-02-13T21:46:40","modified_gmt":"2020-02-14T00:46:40","slug":"cartas-de-mi-padre-la-pelicula-de-nazarena-y-barbie-estreno-trailer-video","status":"publish","type":"post","link":"https:\/\/www.cordobatimes.com\/showup\/cine-y-series\/2015\/01\/06\/cartas-de-mi-padre-la-pelicula-de-nazarena-y-barbie-estreno-trailer-video\/","title":{"rendered":"\u00abCartas de mi padre\u00bb, la pel\u00edcula de Nazarena y Barbie, estren\u00f3 tr\u00e1iler (Video)"},"content":{"rendered":"<h3><strong>Instaladas en Mar del Plata, donde V\u00e9lez encabeza \u00abLeonas\u00bb y su hija protagoniza \u00abLa Casa de Bernardas Alba\u00bb, la actriz comparti\u00f3 el clip de la producci\u00f3n que film\u00f3 hace unas semanas.\u00a0<\/strong><\/h3>\n<p>La historia de esta cinta, que se estrenar\u00e1 en julio de 2015, se basa en cinco hermanos que se desconoc\u00edan y se re\u00fanen a partir de la muerte de su padre.<\/p>\n<p>All\u00ed se conocer\u00e1n y comprender\u00e1n que a pesar de las diferencias hay algo que los une. \u201cCartas de mi padre\u201d es la exploraci\u00f3n del libre albedrio, son decisiones, son momentos, son encuentros, son caminos que se cruzan a veces a destiempo.<\/p>\n<p>Dirige Pablo Yotich y adem\u00e1s de Nazarena y su hija, el elenco se completa con Roberto Pe\u00f1a, Ra\u00fal Rizzo, Adriana Salonia, Mabel Pessen.<\/p>\n<p>No te pierdas el tr\u00e1iler.<\/p>\n<p><iframe loading=\"lazy\" src=\"\/\/www.youtube.com\/embed\/JQV2xsy8b50\" width=\"560\" height=\"315\" frameborder=\"0\" allowfullscreen=\"allowfullscreen\"><\/iframe><\/p>\n","protected":false},"excerpt":{"rendered":"<p>Instaladas en Mar del Plata, donde V\u00e9lez encabeza \u00abLeonas\u00bb y su hija protagoniza \u00abLa Casa de Bernardas Alba\u00bb, la actriz comparti\u00f3 el clip de la producci\u00f3n que film\u00f3 hace unas semanas.\u00a0 La historia de esta cinta, que se estrenar\u00e1 en julio de 2015, se basa en cinco hermanos que se desconoc\u00edan y se re\u00fanen a [&hellip;]<\/p>\n","protected":false},"author":9,"featured_media":35309,"comment_status":"closed","ping_status":"closed","sticky":false,"template":"","format":"standard","meta":{"_seopress_robots_primary_cat":"","_seopress_titles_title":"","_seopress_titles_desc":"","_seopress_robots_index":"","footnotes":""},"categories":[3],"tags":[29668,16880],"class_list":{"0":"post-35308","1":"post","2":"type-post","3":"status-publish","4":"format-standard","5":"has-post-thumbnail","7":"category-cine-y-series","8":"tag-cartas-de-mi-padrela-pelicula-de-nazarena-y-barbie","9":"tag-nazarena-y-barbie-velez"},"_links":{"self":[{"href":"https:\/\/www.cordobatimes.com\/showup\/wp-json\/wp\/v2\/posts\/35308","targetHints":{"allow":["GET"]}}],"collection":[{"href":"https:\/\/www.cordobatimes.com\/showup\/wp-json\/wp\/v2\/posts"}],"about":[{"href":"https:\/\/www.cordobatimes.com\/showup\/wp-json\/wp\/v2\/types\/post"}],"author":[{"embeddable":true,"href":"https:\/\/www.cordobatimes.com\/showup\/wp-json\/wp\/v2\/users\/9"}],"replies":[{"embeddable":true,"href":"https:\/\/www.cordobatimes.com\/showup\/wp-json\/wp\/v2\/comments?post=35308"}],"version-history":[{"count":0,"href":"https:\/\/www.cordobatimes.com\/showup\/wp-json\/wp\/v2\/posts\/35308\/revisions"}],"wp:featuredmedia":[{"embeddable":true,"href":"https:\/\/www.cordobatimes.com\/showup\/wp-json\/wp\/v2\/media\/35309"}],"wp:attachment":[{"href":"https:\/\/www.cordobatimes.com\/showup\/wp-json\/wp\/v2\/media?parent=35308"}],"wp:term":[{"taxonomy":"category","embeddable":true,"href":"https:\/\/www.cordobatimes.com\/showup\/wp-json\/wp\/v2\/categories?post=35308"},{"taxonomy":"post_tag","embeddable":true,"href":"https:\/\/www.cordobatimes.com\/showup\/wp-json\/wp\/v2\/tags?post=35308"}],"curies":[{"name":"wp","href":"https:\/\/api.w.org\/{rel}","templated":true}]}}