{"id":35280,"date":"2015-01-05T12:46:54","date_gmt":"2015-01-05T15:46:54","guid":{"rendered":"http:\/\/cordobatimes.com\/showup\/?p=35280"},"modified":"2020-02-14T11:15:51","modified_gmt":"2020-02-14T14:15:51","slug":"rambo-vuelve-con-last-blood","status":"publish","type":"post","link":"https:\/\/www.cordobatimes.com\/showup\/cine-y-series\/2015\/01\/05\/rambo-vuelve-con-last-blood\/","title":{"rendered":"Rambo vuelve con \u00abLast Blood\u00bb"},"content":{"rendered":"<h3 style=\"text-align: justify;\"><strong>Sylvester Stallone revel\u00f3 que el regresa las m\u00edtica saga y que se encuentra escribiendo el gui\u00f3n de la quinta entrega.\u00a0<\/strong><\/h3>\n<p style=\"text-align: justify;\">A 33 a\u00f1os de la primera cinta \u201cFirst Blood\u201d, Stallone volver\u00e1 a encarnar al legendario soldado John Rambo en \u201cLast Blood\u201d, que se desarrollar\u00e1 una vez m\u00e1s en Filadelfia y que contar\u00e1 con la participaci\u00f3n de Michael B. Jordan.<\/p>\n<p style=\"text-align: justify;\">De acuerdo con el portal \u00abPeru21\u00bb, \u00abLast Blood\u00bb se realizar\u00e1 bajo la direcci\u00f3n de Ryan Coogler, quien alcanz\u00f3 reconocimiento en 2014 por su obra Fruitvale Station, donde tambi\u00e9n colabor\u00f3 con B. Jordan.<\/p>\n<p style=\"text-align: justify;\">A \u201cFirst Blood\u201d le sigui\u00f3 \u201cRambo: First Blood Part II\u201d en 1985 y \u201cRambo III\u201d en 1988, ambas protagonizadas por Stallone, acreditado igualmente como guionista.<\/p>\n<p style=\"text-align: justify;\">La \u00faltima de la saga hasta la fecha, \u201cRambo\u201d (2008), fue liderada, escrita y dirigida por Stallone.<\/p>\n<p style=\"text-align: justify;\">Adem\u00e1s, el actor public\u00f3 en su cuenta de Twitter que se encuentra trabajando en \u201cScarpa\u201c, pel\u00edcula basada en la vida de Greg Scarpa, informante del miembro del crimen organizado que se volvi\u00f3 informante del FBI.<\/p>\n<p style=\"text-align: justify;\">Sly tambi\u00e9n volver\u00e1 a ser Rocky Balboa en \u201cCreed\u201c, la sexta entrega de la saga \u201cRocky\u201d, que ser\u00e1 estrenada en 2016.<\/p>\n<p style=\"text-align: justify;\">Recordemos que Arnold Schwarzenegger tambi\u00e9n vuelve a la pantalla grande en la nueva secuela de Terminator: G\u00e9nesis, que se estrenar\u00e1 en julio de este a\u00f1o.<\/p>\n","protected":false},"excerpt":{"rendered":"<p>Sylvester Stallone revel\u00f3 que el regresa las m\u00edtica saga y que se encuentra escribiendo el gui\u00f3n de la quinta entrega.\u00a0 A 33 a\u00f1os de la primera cinta \u201cFirst Blood\u201d, Stallone volver\u00e1 a encarnar al legendario soldado John Rambo en \u201cLast Blood\u201d, que se desarrollar\u00e1 una vez m\u00e1s en Filadelfia y que contar\u00e1 con la participaci\u00f3n [&hellip;]<\/p>\n","protected":false},"author":9,"featured_media":35281,"comment_status":"closed","ping_status":"closed","sticky":false,"template":"","format":"standard","meta":{"_seopress_robots_primary_cat":"","_seopress_titles_title":"","_seopress_titles_desc":"","_seopress_robots_index":"","footnotes":""},"categories":[3],"tags":[11681,29677],"class_list":{"0":"post-35280","1":"post","2":"type-post","3":"status-publish","4":"format-standard","5":"has-post-thumbnail","7":"category-cine-y-series","8":"tag-rambo-last-blood","9":"tag-sylvester-stallone-last-blood"},"_links":{"self":[{"href":"https:\/\/www.cordobatimes.com\/showup\/wp-json\/wp\/v2\/posts\/35280","targetHints":{"allow":["GET"]}}],"collection":[{"href":"https:\/\/www.cordobatimes.com\/showup\/wp-json\/wp\/v2\/posts"}],"about":[{"href":"https:\/\/www.cordobatimes.com\/showup\/wp-json\/wp\/v2\/types\/post"}],"author":[{"embeddable":true,"href":"https:\/\/www.cordobatimes.com\/showup\/wp-json\/wp\/v2\/users\/9"}],"replies":[{"embeddable":true,"href":"https:\/\/www.cordobatimes.com\/showup\/wp-json\/wp\/v2\/comments?post=35280"}],"version-history":[{"count":0,"href":"https:\/\/www.cordobatimes.com\/showup\/wp-json\/wp\/v2\/posts\/35280\/revisions"}],"wp:featuredmedia":[{"embeddable":true,"href":"https:\/\/www.cordobatimes.com\/showup\/wp-json\/wp\/v2\/media\/35281"}],"wp:attachment":[{"href":"https:\/\/www.cordobatimes.com\/showup\/wp-json\/wp\/v2\/media?parent=35280"}],"wp:term":[{"taxonomy":"category","embeddable":true,"href":"https:\/\/www.cordobatimes.com\/showup\/wp-json\/wp\/v2\/categories?post=35280"},{"taxonomy":"post_tag","embeddable":true,"href":"https:\/\/www.cordobatimes.com\/showup\/wp-json\/wp\/v2\/tags?post=35280"}],"curies":[{"name":"wp","href":"https:\/\/api.w.org\/{rel}","templated":true}]}}