{"id":35248,"date":"2015-01-05T11:50:20","date_gmt":"2015-01-05T14:50:20","guid":{"rendered":"http:\/\/cordobatimes.com\/showup\/?p=35248"},"modified":"2020-02-14T13:19:34","modified_gmt":"2020-02-14T16:19:34","slug":"cristian-el-loco-amato-le-puso-fecha-a-su-retiro-de-la-musica","status":"publish","type":"post","link":"https:\/\/www.cordobatimes.com\/showup\/musica\/2015\/01\/05\/cristian-el-loco-amato-le-puso-fecha-a-su-retiro-de-la-musica\/","title":{"rendered":"Cristian \u00abEl Loco\u00bb Amato le puso fecha a su retiro de la m\u00fasica"},"content":{"rendered":"<h3><strong>El cantante del grupo cuartetero La Fiesta, uno de los m\u00e1s aclamados por el p\u00fablico cordob\u00e9s, anunci\u00f3 a trav\u00e9s de Facebook que dejar\u00e1 la actividad profesional arriba de los escenarios.<\/strong><\/h3>\n<p>Miles y miles son los seguidores de Cristian Abel Amato, que antes de integrar el conjunto con el que toca actualmente brill\u00f3 en el hist\u00f3rico Tru-la-la, de la mano de grandes artistas que le allanaron el camino para desarrollarse como vocalista y tambi\u00e9n mejorar sus cualidades como showman.<\/p>\n<p>En el Facebook oficial de La Fiesta, confirm\u00f3 que cantar\u00e1 hasta el 20 de marzo de 2016, fecha en la que har\u00e1 su \u00faltima presentaci\u00f3n. La lejan\u00eda de esa cita, seg\u00fan public\u00f3, se debe a que busc\u00f3 un \u00abtiempo considerable\u00bb para que los m\u00fasicos que lo acompa\u00f1an consigan otro trabajo.<\/p>\n<p>Los comentarios presagian un 2015 con grandes concurrencias de p\u00fablico, mientras que por otro lado, algunas personas critican el accionar del \u00abLoco\u00bb, tildando la actitud como marketinera y con intereses por detr\u00e1s.<\/p>\n<p>El comunicado completo:<\/p>\n<p style=\"text-align: center;\"><a href=\"http:\/\/cordobatimes.com\/showup\/wp-content\/uploads\/2015\/01\/la-fiesta.jpg\"><img loading=\"lazy\" decoding=\"async\" class=\"size-full wp-image-35249 aligncenter\" src=\"http:\/\/cordobatimes.com\/showup\/wp-content\/uploads\/2015\/01\/la-fiesta.jpg\" alt=\"la fiesta\" width=\"480\" height=\"267\" data-id=\"35249\" srcset=\"https:\/\/www.cordobatimes.com\/showup\/wp-content\/uploads\/2015\/01\/la-fiesta.jpg 480w, https:\/\/www.cordobatimes.com\/showup\/wp-content\/uploads\/2015\/01\/la-fiesta-300x166.jpg 300w\" sizes=\"auto, (max-width: 480px) 100vw, 480px\" \/><\/a><\/p>\n<p><iframe loading=\"lazy\" src=\"\/\/www.youtube.com\/embed\/dy9yCpJaIvk\" width=\"560\" height=\"315\" frameborder=\"0\" allowfullscreen=\"allowfullscreen\"><\/iframe><\/p>\n","protected":false},"excerpt":{"rendered":"<p>El cantante del grupo cuartetero La Fiesta, uno de los m\u00e1s aclamados por el p\u00fablico cordob\u00e9s, anunci\u00f3 a trav\u00e9s de Facebook que dejar\u00e1 la actividad profesional arriba de los escenarios. Miles y miles son los seguidores de Cristian Abel Amato, que antes de integrar el conjunto con el que toca actualmente brill\u00f3 en el hist\u00f3rico [&hellip;]<\/p>\n","protected":false},"author":1,"featured_media":35251,"comment_status":"closed","ping_status":"closed","sticky":false,"template":"","format":"standard","meta":{"_seopress_robots_primary_cat":"","_seopress_titles_title":"","_seopress_titles_desc":"","_seopress_robots_index":"","footnotes":""},"categories":[5],"tags":[29682],"class_list":{"0":"post-35248","1":"post","2":"type-post","3":"status-publish","4":"format-standard","5":"has-post-thumbnail","7":"category-musica","8":"tag-retiro-de-la-musica-de-cristian-el-loco-amato"},"_links":{"self":[{"href":"https:\/\/www.cordobatimes.com\/showup\/wp-json\/wp\/v2\/posts\/35248","targetHints":{"allow":["GET"]}}],"collection":[{"href":"https:\/\/www.cordobatimes.com\/showup\/wp-json\/wp\/v2\/posts"}],"about":[{"href":"https:\/\/www.cordobatimes.com\/showup\/wp-json\/wp\/v2\/types\/post"}],"author":[{"embeddable":true,"href":"https:\/\/www.cordobatimes.com\/showup\/wp-json\/wp\/v2\/users\/1"}],"replies":[{"embeddable":true,"href":"https:\/\/www.cordobatimes.com\/showup\/wp-json\/wp\/v2\/comments?post=35248"}],"version-history":[{"count":0,"href":"https:\/\/www.cordobatimes.com\/showup\/wp-json\/wp\/v2\/posts\/35248\/revisions"}],"wp:featuredmedia":[{"embeddable":true,"href":"https:\/\/www.cordobatimes.com\/showup\/wp-json\/wp\/v2\/media\/35251"}],"wp:attachment":[{"href":"https:\/\/www.cordobatimes.com\/showup\/wp-json\/wp\/v2\/media?parent=35248"}],"wp:term":[{"taxonomy":"category","embeddable":true,"href":"https:\/\/www.cordobatimes.com\/showup\/wp-json\/wp\/v2\/categories?post=35248"},{"taxonomy":"post_tag","embeddable":true,"href":"https:\/\/www.cordobatimes.com\/showup\/wp-json\/wp\/v2\/tags?post=35248"}],"curies":[{"name":"wp","href":"https:\/\/api.w.org\/{rel}","templated":true}]}}