{"id":35242,"date":"2015-01-04T15:31:01","date_gmt":"2015-01-04T18:31:01","guid":{"rendered":"http:\/\/cordobatimes.com\/showup\/?p=35242"},"modified":"2020-02-14T13:13:23","modified_gmt":"2020-02-14T16:13:23","slug":"chano-sobre-solari-los-temas-del-indio-no-los-conoce-nadie","status":"publish","type":"post","link":"https:\/\/www.cordobatimes.com\/showup\/musica\/2015\/01\/04\/chano-sobre-solari-los-temas-del-indio-no-los-conoce-nadie\/","title":{"rendered":"Chano sobre Solari: \u00abLos temas del Indio no los conoce nadie\u00bb"},"content":{"rendered":"<h3 style=\"text-align: justify;\"><strong>El cantante del \u00a0grupo \u00abTan Bi\u00f3nica\u00bb, sorprendi\u00f3 por sus fuertes declaraciones en alusi\u00f3n a otro de los artistas que llena estadios sin dudas: el Indio Solari.<\/strong><\/h3>\n<p style=\"text-align: justify;\">\u00abHoy en d\u00eda, como es el Cosqu\u00edn Rock, ni aunque lo cerrara ir\u00eda a tocar, porque es otro tipo de cultura. Es como los shows del Indio que la gente no conoce ni las canciones. Va porque es la misa, el ir y todo, cantar \u00abJijiji\u00bb, y los temas del Indio no los conoce nadie\u00bb, dispar\u00f3 Chano en di\u00e1logo con el diario Cr\u00f3nica.<\/p>\n<p style=\"text-align: justify;\">Luego, el ex de Celeste Cid, con quien estuvo de novio durante un a\u00f1o y medio, se refiri\u00f3 a la metodolog\u00eda que utiliz\u00f3 el grupo para acaparar la atenci\u00f3n de sus seguidores: \u00abAhora la gente no va a los shows solo a ver la banda, quisimos ofrecerle al p\u00fablico una experiencia completa y diferente\u00bb, sostuvo.<\/p>\n<p style=\"text-align: justify;\">Por \u00faltimo, Charpentier diferenci\u00f3 las vivencias de antes con las de ahora: \u00abNuestro mensaje intenta que a los shows venga la familia, de la misma manera que el pibe va a la cancha con el viejo. Antes el mensaje del rock era otro: &#8216;Ven\u00ed que ac\u00e1 no se entera nadie de lo que pasa ac\u00e1&#8217;. Ahora es: &#8216;Ven\u00ed y compart\u00ed un momento con tu viejo o con el que quieras'\u00bb, concluy\u00f3.<\/p>\n","protected":false},"excerpt":{"rendered":"<p>El cantante del \u00a0grupo \u00abTan Bi\u00f3nica\u00bb, sorprendi\u00f3 por sus fuertes declaraciones en alusi\u00f3n a otro de los artistas que llena estadios sin dudas: el Indio Solari. \u00abHoy en d\u00eda, como es el Cosqu\u00edn Rock, ni aunque lo cerrara ir\u00eda a tocar, porque es otro tipo de cultura. Es como los shows del Indio que la [&hellip;]<\/p>\n","protected":false},"author":9,"featured_media":35243,"comment_status":"closed","ping_status":"closed","sticky":false,"template":"","format":"standard","meta":{"_seopress_robots_primary_cat":"","_seopress_titles_title":"","_seopress_titles_desc":"","_seopress_robots_index":"","footnotes":""},"categories":[5],"tags":[29683],"class_list":{"0":"post-35242","1":"post","2":"type-post","3":"status-publish","4":"format-standard","5":"has-post-thumbnail","7":"category-musica","8":"tag-chano-charpentier-y-el-indio-solari"},"_links":{"self":[{"href":"https:\/\/www.cordobatimes.com\/showup\/wp-json\/wp\/v2\/posts\/35242","targetHints":{"allow":["GET"]}}],"collection":[{"href":"https:\/\/www.cordobatimes.com\/showup\/wp-json\/wp\/v2\/posts"}],"about":[{"href":"https:\/\/www.cordobatimes.com\/showup\/wp-json\/wp\/v2\/types\/post"}],"author":[{"embeddable":true,"href":"https:\/\/www.cordobatimes.com\/showup\/wp-json\/wp\/v2\/users\/9"}],"replies":[{"embeddable":true,"href":"https:\/\/www.cordobatimes.com\/showup\/wp-json\/wp\/v2\/comments?post=35242"}],"version-history":[{"count":0,"href":"https:\/\/www.cordobatimes.com\/showup\/wp-json\/wp\/v2\/posts\/35242\/revisions"}],"wp:featuredmedia":[{"embeddable":true,"href":"https:\/\/www.cordobatimes.com\/showup\/wp-json\/wp\/v2\/media\/35243"}],"wp:attachment":[{"href":"https:\/\/www.cordobatimes.com\/showup\/wp-json\/wp\/v2\/media?parent=35242"}],"wp:term":[{"taxonomy":"category","embeddable":true,"href":"https:\/\/www.cordobatimes.com\/showup\/wp-json\/wp\/v2\/categories?post=35242"},{"taxonomy":"post_tag","embeddable":true,"href":"https:\/\/www.cordobatimes.com\/showup\/wp-json\/wp\/v2\/tags?post=35242"}],"curies":[{"name":"wp","href":"https:\/\/api.w.org\/{rel}","templated":true}]}}