{"id":35090,"date":"2014-12-31T15:32:58","date_gmt":"2014-12-31T18:32:58","guid":{"rendered":"http:\/\/cordobatimes.com\/showup\/?p=35090"},"modified":"2020-02-07T09:30:35","modified_gmt":"2020-02-07T12:30:35","slug":"un-evento-en-facebook-invita-a-recibir-a-marty-mcfly-de-volver-al-futuro","status":"publish","type":"post","link":"https:\/\/www.cordobatimes.com\/showup\/curiosidades\/2014\/12\/31\/un-evento-en-facebook-invita-a-recibir-a-marty-mcfly-de-volver-al-futuro\/","title":{"rendered":"Un evento en Facebook invita a recibir a Marty McFly de \u00abVolver al futuro\u00bb"},"content":{"rendered":"<h3><strong>Una de las mejores sagas que ha dado el cine de ciencia ficci\u00f3n anticipa que su protagonista \u00abregresa\u00bb un 21 de octubre del 2015.<\/strong><\/h3>\n<p>Fue el usuario de Facebook Rodrigo Escalera el que ha aprovechado la coincidencia para crear un evento en esa red social invitando a recibir a Marty McFly (el personaje de Michael J. Fox) a su llegada \u00abal futuro\u00bb.<\/p>\n<p>Esto sucede que en la segunda entrega de la pel\u00edcula, donde el joven Marty viajaba del 26 de octubre de 1985 al 21 de octubre de 2015, llegando a Hill Valley, California.<\/p>\n<p>Anticip\u00e1ndose a la efem\u00e9ride, y jugando con los c\u00f3digos de los eventos en las redes sociales, se cre\u00f3 este evento titulado \u00abLlegada de Marty McFly a el futuro\u00bb al que ya han \u00abconfirmado\u00bb su asistencia 37 mil personas.<\/p>\n<p><iframe loading=\"lazy\" src=\"\/\/www.youtube.com\/embed\/aBDE4KSJtPE\" width=\"420\" height=\"315\" frameborder=\"0\" allowfullscreen=\"allowfullscreen\"><\/iframe><\/p>\n","protected":false},"excerpt":{"rendered":"<p>Una de las mejores sagas que ha dado el cine de ciencia ficci\u00f3n anticipa que su protagonista \u00abregresa\u00bb un 21 de octubre del 2015. Fue el usuario de Facebook Rodrigo Escalera el que ha aprovechado la coincidencia para crear un evento en esa red social invitando a recibir a Marty McFly (el personaje de Michael [&hellip;]<\/p>\n","protected":false},"author":9,"featured_media":35109,"comment_status":"closed","ping_status":"closed","sticky":false,"template":"","format":"standard","meta":{"_seopress_robots_primary_cat":"","_seopress_titles_title":"","_seopress_titles_desc":"","_seopress_robots_index":"","footnotes":""},"categories":[8],"tags":[11619,29429],"class_list":{"0":"post-35090","1":"post","2":"type-post","3":"status-publish","4":"format-standard","5":"has-post-thumbnail","7":"category-curiosidades","8":"tag-llegada-de-marty-mcfly-a-el-futuro","9":"tag-marty-mcfly-michael-j-fox"},"_links":{"self":[{"href":"https:\/\/www.cordobatimes.com\/showup\/wp-json\/wp\/v2\/posts\/35090","targetHints":{"allow":["GET"]}}],"collection":[{"href":"https:\/\/www.cordobatimes.com\/showup\/wp-json\/wp\/v2\/posts"}],"about":[{"href":"https:\/\/www.cordobatimes.com\/showup\/wp-json\/wp\/v2\/types\/post"}],"author":[{"embeddable":true,"href":"https:\/\/www.cordobatimes.com\/showup\/wp-json\/wp\/v2\/users\/9"}],"replies":[{"embeddable":true,"href":"https:\/\/www.cordobatimes.com\/showup\/wp-json\/wp\/v2\/comments?post=35090"}],"version-history":[{"count":0,"href":"https:\/\/www.cordobatimes.com\/showup\/wp-json\/wp\/v2\/posts\/35090\/revisions"}],"wp:featuredmedia":[{"embeddable":true,"href":"https:\/\/www.cordobatimes.com\/showup\/wp-json\/wp\/v2\/media\/35109"}],"wp:attachment":[{"href":"https:\/\/www.cordobatimes.com\/showup\/wp-json\/wp\/v2\/media?parent=35090"}],"wp:term":[{"taxonomy":"category","embeddable":true,"href":"https:\/\/www.cordobatimes.com\/showup\/wp-json\/wp\/v2\/categories?post=35090"},{"taxonomy":"post_tag","embeddable":true,"href":"https:\/\/www.cordobatimes.com\/showup\/wp-json\/wp\/v2\/tags?post=35090"}],"curies":[{"name":"wp","href":"https:\/\/api.w.org\/{rel}","templated":true}]}}