{"id":35045,"date":"2014-12-30T14:12:56","date_gmt":"2014-12-30T17:12:56","guid":{"rendered":"http:\/\/cordobatimes.com\/showup\/?p=35045"},"modified":"2020-02-07T10:11:52","modified_gmt":"2020-02-07T13:11:52","slug":"susana-gimenez-tiene-su-propio-padre-nuestro","status":"publish","type":"post","link":"https:\/\/www.cordobatimes.com\/showup\/curiosidades\/2014\/12\/30\/susana-gimenez-tiene-su-propio-padre-nuestro\/","title":{"rendered":"Susana Gim\u00e9nez tiene su propio Padre Nuestro"},"content":{"rendered":"<h3 style=\"text-align: justify;\"><strong>Sorprendi\u00f3 en\u00a0las redes sociales la estampita que comenz\u00f3 a circular con una imagen de la diva de los tel\u00e9fonos con una oraci\u00f3n \u00abreligiosa\u00bb.<\/strong><\/h3>\n<p style=\"text-align: justify;\">La primera en publicar en Twitter la ins\u00f3lita imagen fue nada menos que Lorna, la fan n\u00famero uno de Susana, quien, con buen humor, asegur\u00f3 que reza \u201cpara que le devuelvan la plata que le estafaron en Uruguay\u201d.<\/p>\n<p style=\"text-align: justify;\">La oraci\u00f3n muestra algo de \u00a0adoraci\u00f3n e iron\u00eda, y mantiene un tono juguet\u00f3n todo el tiempo, sin dejar de mencionar los grandes logros de Susana, y su competencia m\u00e1s fuerte.<\/p>\n<p style=\"text-align: justify;\">No te pierdas la oraci\u00f3n:<\/p>\n<blockquote>\n<p style=\"text-align: justify;\">\u201cSusana que est\u00e1s en la tele, santificados sean tus juegos, vengan a nosotros tus premios, h\u00e1gase tu voluntad en Argentina como en Miami. Danos hoy nuestro programa de cada d\u00eda, perdona cuando nos olvidamos de verte, as\u00ed como nosotros perdonamos tus vacaciones. No nos dejes caer en Canal 13 y l\u00edbranos de Tinelli. Am\u00e9n\u201d.<\/p>\n<\/blockquote>\n<blockquote class=\"twitter-tweet\" lang=\"es\"><p>Rezo porque le devuelvan a Susana el dinero que le estafaron en Uruguay <a href=\"http:\/\/t.co\/NNasXKe8HP\">pic.twitter.com\/NNasXKe8HP<\/a><\/p>\n<p>\u2014 Lorna Irina Gemetto (@susalorna) <a href=\"https:\/\/twitter.com\/susalorna\/status\/549029965145313281\">diciembre 28, 2014<\/a><\/p><\/blockquote>\n<p>&nbsp;<\/p>\n","protected":false},"excerpt":{"rendered":"<p>Sorprendi\u00f3 en\u00a0las redes sociales la estampita que comenz\u00f3 a circular con una imagen de la diva de los tel\u00e9fonos con una oraci\u00f3n \u00abreligiosa\u00bb. La primera en publicar en Twitter la ins\u00f3lita imagen fue nada menos que Lorna, la fan n\u00famero uno de Susana, quien, con buen humor, asegur\u00f3 que reza \u201cpara que le devuelvan la [&hellip;]<\/p>\n","protected":false},"author":9,"featured_media":35054,"comment_status":"closed","ping_status":"closed","sticky":false,"template":"","format":"standard","meta":{"_seopress_robots_primary_cat":"","_seopress_titles_title":"","_seopress_titles_desc":"","_seopress_robots_index":"","footnotes":""},"categories":[8],"tags":[11586,29438],"class_list":{"0":"post-35045","1":"post","2":"type-post","3":"status-publish","4":"format-standard","5":"has-post-thumbnail","7":"category-curiosidades","8":"tag-fan-nro-1-de-susana-gimenez","9":"tag-padre-nuestro-de-susana-gimenez"},"_links":{"self":[{"href":"https:\/\/www.cordobatimes.com\/showup\/wp-json\/wp\/v2\/posts\/35045","targetHints":{"allow":["GET"]}}],"collection":[{"href":"https:\/\/www.cordobatimes.com\/showup\/wp-json\/wp\/v2\/posts"}],"about":[{"href":"https:\/\/www.cordobatimes.com\/showup\/wp-json\/wp\/v2\/types\/post"}],"author":[{"embeddable":true,"href":"https:\/\/www.cordobatimes.com\/showup\/wp-json\/wp\/v2\/users\/9"}],"replies":[{"embeddable":true,"href":"https:\/\/www.cordobatimes.com\/showup\/wp-json\/wp\/v2\/comments?post=35045"}],"version-history":[{"count":0,"href":"https:\/\/www.cordobatimes.com\/showup\/wp-json\/wp\/v2\/posts\/35045\/revisions"}],"wp:featuredmedia":[{"embeddable":true,"href":"https:\/\/www.cordobatimes.com\/showup\/wp-json\/wp\/v2\/media\/35054"}],"wp:attachment":[{"href":"https:\/\/www.cordobatimes.com\/showup\/wp-json\/wp\/v2\/media?parent=35045"}],"wp:term":[{"taxonomy":"category","embeddable":true,"href":"https:\/\/www.cordobatimes.com\/showup\/wp-json\/wp\/v2\/categories?post=35045"},{"taxonomy":"post_tag","embeddable":true,"href":"https:\/\/www.cordobatimes.com\/showup\/wp-json\/wp\/v2\/tags?post=35045"}],"curies":[{"name":"wp","href":"https:\/\/api.w.org\/{rel}","templated":true}]}}