{"id":35032,"date":"2014-12-30T15:10:33","date_gmt":"2014-12-30T18:10:33","guid":{"rendered":"http:\/\/cordobatimes.com\/showup\/?p=35032"},"modified":"2020-02-07T10:05:28","modified_gmt":"2020-02-07T13:05:28","slug":"isabel-macedo-sorprendio-con-un-lomazo-en-las-playas-de-punta-del-este-fotos","status":"publish","type":"post","link":"https:\/\/www.cordobatimes.com\/showup\/famosos\/2014\/12\/30\/isabel-macedo-sorprendio-con-un-lomazo-en-las-playas-de-punta-del-este-fotos\/","title":{"rendered":"Isabel Macedo sorprendi\u00f3 con un lomazo en las playas de Punta del Este (Fotos)"},"content":{"rendered":"<h3 style=\"text-align: justify;\"><strong>La bella actriz se tom\u00f3 un merecido descanso luego de un a\u00f1o laboral intenso y despu\u00e9s de haber perdido a su padre.\u00a0<\/strong><\/h3>\n<p style=\"text-align: justify;\">Es as\u00ed que Isabel decidi\u00f3 descansar junto a un grupo de amigas en Punta del Este .<\/p>\n<p style=\"text-align: justify;\">La actriz disfruta de unas merecidas vacaciones tras la exitosa tira que protagoniz\u00f3 por la pantalla de El Trece, Guapas, y mostr\u00f3 sus hermosas curvas en las redes sociales.<\/p>\n<p style=\"text-align: justify;\">El viaje comenz\u00f3 con un vuelo en un lujoso jet privado, y continu\u00f3 con paseos en yate por las playas m\u00e1s distinguidas de Uruguay y, por supuesto, con estad\u00eda en un exclusivo complejo.<\/p>\n<p style=\"text-align: justify;\"><a href=\"http:\/\/cordobatimes.com\/showup\/wp-content\/uploads\/2014\/12\/119.jpg\"><img loading=\"lazy\" decoding=\"async\" class=\"alignnone size-full wp-image-35057\" src=\"http:\/\/cordobatimes.com\/showup\/wp-content\/uploads\/2014\/12\/119.jpg\" alt=\"1\" width=\"611\" height=\"308\" data-id=\"35057\" srcset=\"https:\/\/www.cordobatimes.com\/showup\/wp-content\/uploads\/2014\/12\/119.jpg 611w, https:\/\/www.cordobatimes.com\/showup\/wp-content\/uploads\/2014\/12\/119-300x151.jpg 300w\" sizes=\"auto, (max-width: 611px) 100vw, 611px\" \/><\/a><\/p>\n<p style=\"text-align: justify;\"><a href=\"http:\/\/cordobatimes.com\/showup\/wp-content\/uploads\/2014\/12\/217.jpg\"><img loading=\"lazy\" decoding=\"async\" class=\"alignnone size-full wp-image-35058\" src=\"http:\/\/cordobatimes.com\/showup\/wp-content\/uploads\/2014\/12\/217.jpg\" alt=\"2\" width=\"611\" height=\"308\" data-id=\"35058\" srcset=\"https:\/\/www.cordobatimes.com\/showup\/wp-content\/uploads\/2014\/12\/217.jpg 611w, https:\/\/www.cordobatimes.com\/showup\/wp-content\/uploads\/2014\/12\/217-300x151.jpg 300w\" sizes=\"auto, (max-width: 611px) 100vw, 611px\" \/><\/a><\/p>\n<p style=\"text-align: justify;\"><a href=\"http:\/\/cordobatimes.com\/showup\/wp-content\/uploads\/2014\/12\/411.jpg\"><img loading=\"lazy\" decoding=\"async\" class=\"alignnone size-full wp-image-35059\" src=\"http:\/\/cordobatimes.com\/showup\/wp-content\/uploads\/2014\/12\/411.jpg\" alt=\"4\" width=\"611\" height=\"308\" data-id=\"35059\" srcset=\"https:\/\/www.cordobatimes.com\/showup\/wp-content\/uploads\/2014\/12\/411.jpg 611w, https:\/\/www.cordobatimes.com\/showup\/wp-content\/uploads\/2014\/12\/411-300x151.jpg 300w\" sizes=\"auto, (max-width: 611px) 100vw, 611px\" \/><\/a><\/p>\n","protected":false},"excerpt":{"rendered":"<p>La bella actriz se tom\u00f3 un merecido descanso luego de un a\u00f1o laboral intenso y despu\u00e9s de haber perdido a su padre.\u00a0 Es as\u00ed que Isabel decidi\u00f3 descansar junto a un grupo de amigas en Punta del Este . La actriz disfruta de unas merecidas vacaciones tras la exitosa tira que protagoniz\u00f3 por la pantalla [&hellip;]<\/p>\n","protected":false},"author":9,"featured_media":35060,"comment_status":"closed","ping_status":"closed","sticky":false,"template":"","format":"standard","meta":{"_seopress_robots_primary_cat":"","_seopress_titles_title":"","_seopress_titles_desc":"","_seopress_robots_index":"","footnotes":""},"categories":[4],"tags":[29437],"class_list":{"0":"post-35032","1":"post","2":"type-post","3":"status-publish","4":"format-standard","5":"has-post-thumbnail","7":"category-famosos","8":"tag-isabel-macedo-en-punta-del-este"},"_links":{"self":[{"href":"https:\/\/www.cordobatimes.com\/showup\/wp-json\/wp\/v2\/posts\/35032","targetHints":{"allow":["GET"]}}],"collection":[{"href":"https:\/\/www.cordobatimes.com\/showup\/wp-json\/wp\/v2\/posts"}],"about":[{"href":"https:\/\/www.cordobatimes.com\/showup\/wp-json\/wp\/v2\/types\/post"}],"author":[{"embeddable":true,"href":"https:\/\/www.cordobatimes.com\/showup\/wp-json\/wp\/v2\/users\/9"}],"replies":[{"embeddable":true,"href":"https:\/\/www.cordobatimes.com\/showup\/wp-json\/wp\/v2\/comments?post=35032"}],"version-history":[{"count":0,"href":"https:\/\/www.cordobatimes.com\/showup\/wp-json\/wp\/v2\/posts\/35032\/revisions"}],"wp:featuredmedia":[{"embeddable":true,"href":"https:\/\/www.cordobatimes.com\/showup\/wp-json\/wp\/v2\/media\/35060"}],"wp:attachment":[{"href":"https:\/\/www.cordobatimes.com\/showup\/wp-json\/wp\/v2\/media?parent=35032"}],"wp:term":[{"taxonomy":"category","embeddable":true,"href":"https:\/\/www.cordobatimes.com\/showup\/wp-json\/wp\/v2\/categories?post=35032"},{"taxonomy":"post_tag","embeddable":true,"href":"https:\/\/www.cordobatimes.com\/showup\/wp-json\/wp\/v2\/tags?post=35032"}],"curies":[{"name":"wp","href":"https:\/\/api.w.org\/{rel}","templated":true}]}}