{"id":34989,"date":"2014-12-29T15:47:14","date_gmt":"2014-12-29T18:47:14","guid":{"rendered":"http:\/\/cordobatimes.com\/showup\/?p=34989"},"modified":"2020-02-07T10:39:42","modified_gmt":"2020-02-07T13:39:42","slug":"que-haran-los-aliados-en-el-2015","status":"publish","type":"post","link":"https:\/\/www.cordobatimes.com\/showup\/famosos\/2014\/12\/29\/que-haran-los-aliados-en-el-2015\/","title":{"rendered":"\u00bfQu\u00e9 har\u00e1n los \u00abAliados\u00bb en el 2015?"},"content":{"rendered":"<h3 style=\"text-align: justify;\"><strong>Los reconocidos y queridos actores teen tendr\u00e1n un nuevo a\u00f1o colmado de nuevos proyectos laborales. Si quer\u00e9s saberlos, no dudes en leer esta nota.\u00a0<\/strong><\/h3>\n<p style=\"text-align: justify;\">Uno de los mas requeridos es Peter Lanzani que estrenar\u00e1 la pel\u00edcula de \u201cEl clan\u201d, que protagoniza junto a Guillermo Francella y que se espera pueda estar lista para participar del Festival de Cannes en mayo.<\/p>\n<p style=\"text-align: justify;\">La mayor expectativa de las fans de Peter pasar\u00e1 por el debut teatral del novio de Tini Stossel en la obra \u201cEquus\u201d donde el actor y cantante har\u00e1 un osado desnudo en una escena clave.<\/p>\n<p style=\"text-align: justify;\">Por el lado de Oriana Sabatini, la hija de Catherine Fulop y Ova Sabatini ya ha sido reservada por Telefe que desea incluirla en una ficci\u00f3n el a\u00f1o pr\u00f3ximo.<\/p>\n<p style=\"text-align: justify;\">Su novio, Juli\u00e1n Serrano avis\u00f3 que dedicar\u00e1 su a\u00f1o a consolidar su carrera internacional como solista.<\/p>\n<p style=\"text-align: justify;\">Otro que dedicar\u00e1 su a\u00f1o a la m\u00fasica ser\u00e1 Pablo Mart\u00ednez que grabar\u00e1 un cd como solista y continuar\u00e1 apostando al teatro.<\/p>\n","protected":false},"excerpt":{"rendered":"<p>Los reconocidos y queridos actores teen tendr\u00e1n un nuevo a\u00f1o colmado de nuevos proyectos laborales. Si quer\u00e9s saberlos, no dudes en leer esta nota.\u00a0 Uno de los mas requeridos es Peter Lanzani que estrenar\u00e1 la pel\u00edcula de \u201cEl clan\u201d, que protagoniza junto a Guillermo Francella y que se espera pueda estar lista para participar del [&hellip;]<\/p>\n","protected":false},"author":9,"featured_media":35003,"comment_status":"closed","ping_status":"closed","sticky":false,"template":"","format":"standard","meta":{"_seopress_robots_primary_cat":"","_seopress_titles_title":"","_seopress_titles_desc":"","_seopress_robots_index":"","footnotes":""},"categories":[4],"tags":[29447],"class_list":{"0":"post-34989","1":"post","2":"type-post","3":"status-publish","4":"format-standard","5":"has-post-thumbnail","7":"category-famosos","8":"tag-elenco-de-aliados"},"_links":{"self":[{"href":"https:\/\/www.cordobatimes.com\/showup\/wp-json\/wp\/v2\/posts\/34989","targetHints":{"allow":["GET"]}}],"collection":[{"href":"https:\/\/www.cordobatimes.com\/showup\/wp-json\/wp\/v2\/posts"}],"about":[{"href":"https:\/\/www.cordobatimes.com\/showup\/wp-json\/wp\/v2\/types\/post"}],"author":[{"embeddable":true,"href":"https:\/\/www.cordobatimes.com\/showup\/wp-json\/wp\/v2\/users\/9"}],"replies":[{"embeddable":true,"href":"https:\/\/www.cordobatimes.com\/showup\/wp-json\/wp\/v2\/comments?post=34989"}],"version-history":[{"count":0,"href":"https:\/\/www.cordobatimes.com\/showup\/wp-json\/wp\/v2\/posts\/34989\/revisions"}],"wp:featuredmedia":[{"embeddable":true,"href":"https:\/\/www.cordobatimes.com\/showup\/wp-json\/wp\/v2\/media\/35003"}],"wp:attachment":[{"href":"https:\/\/www.cordobatimes.com\/showup\/wp-json\/wp\/v2\/media?parent=34989"}],"wp:term":[{"taxonomy":"category","embeddable":true,"href":"https:\/\/www.cordobatimes.com\/showup\/wp-json\/wp\/v2\/categories?post=34989"},{"taxonomy":"post_tag","embeddable":true,"href":"https:\/\/www.cordobatimes.com\/showup\/wp-json\/wp\/v2\/tags?post=34989"}],"curies":[{"name":"wp","href":"https:\/\/api.w.org\/{rel}","templated":true}]}}