{"id":34987,"date":"2014-12-29T15:16:35","date_gmt":"2014-12-29T18:16:35","guid":{"rendered":"http:\/\/cordobatimes.com\/showup\/?p=34987"},"modified":"2020-02-07T19:37:03","modified_gmt":"2020-02-07T22:37:03","slug":"julieta-diaz-fue-mama-pero-su-bebe-se-encuentra-internada","status":"publish","type":"post","link":"https:\/\/www.cordobatimes.com\/showup\/famosos\/2014\/12\/29\/julieta-diaz-fue-mama-pero-su-bebe-se-encuentra-internada\/","title":{"rendered":"Julieta D\u00edaz fue mam\u00e1 pero su beb\u00e9 se encuentra internada"},"content":{"rendered":"<h3 style=\"text-align: justify;\"><strong>El 13 de diciembre la reconocida actriz dio a luz a Elena Antonia su beba \u00a0que pes\u00f3 3.860 kg. y naci\u00f3 por parto natural. Sin embargo, la morocha no quiso que la primicia se difunda en ning\u00fan medio.<\/strong><\/h3>\n<p style=\"text-align: justify;\">Ocurre que la peque\u00f1a naci\u00f3 con serios problemas respiratorios por lo que debi\u00f3 ser internada de urgencia en neonatolog\u00eda del Sanatorio de la Trinidad, seg\u00fan public\u00f3 el diario Muy en su edici\u00f3n de este lunes.<\/p>\n<p style=\"text-align: justify;\">Al parecer, Elena ya respira por sus propios medios y se va recuperando de a poco. S\u00f3lo resta esperar que prenda bien a la teta y logre alimentarse por sus propios medios.<\/p>\n<p style=\"text-align: justify;\">De continuar evolucionando favorablemente, podr\u00eda recibir el alta antes de Reyes.<\/p>\n","protected":false},"excerpt":{"rendered":"<p>El 13 de diciembre la reconocida actriz dio a luz a Elena Antonia su beba \u00a0que pes\u00f3 3.860 kg. y naci\u00f3 por parto natural. Sin embargo, la morocha no quiso que la primicia se difunda en ning\u00fan medio. Ocurre que la peque\u00f1a naci\u00f3 con serios problemas respiratorios por lo que debi\u00f3 ser internada de urgencia [&hellip;]<\/p>\n","protected":false},"author":9,"featured_media":34999,"comment_status":"closed","ping_status":"closed","sticky":false,"template":"","format":"standard","meta":{"_seopress_robots_primary_cat":"","_seopress_titles_title":"","_seopress_titles_desc":"","_seopress_robots_index":"","footnotes":""},"categories":[4],"tags":[29454,29455],"class_list":{"0":"post-34987","1":"post","2":"type-post","3":"status-publish","4":"format-standard","5":"has-post-thumbnail","7":"category-famosos","8":"tag-hija-de-julieta-diaz","9":"tag-julieta-diaz-elena-antonia"},"_links":{"self":[{"href":"https:\/\/www.cordobatimes.com\/showup\/wp-json\/wp\/v2\/posts\/34987","targetHints":{"allow":["GET"]}}],"collection":[{"href":"https:\/\/www.cordobatimes.com\/showup\/wp-json\/wp\/v2\/posts"}],"about":[{"href":"https:\/\/www.cordobatimes.com\/showup\/wp-json\/wp\/v2\/types\/post"}],"author":[{"embeddable":true,"href":"https:\/\/www.cordobatimes.com\/showup\/wp-json\/wp\/v2\/users\/9"}],"replies":[{"embeddable":true,"href":"https:\/\/www.cordobatimes.com\/showup\/wp-json\/wp\/v2\/comments?post=34987"}],"version-history":[{"count":0,"href":"https:\/\/www.cordobatimes.com\/showup\/wp-json\/wp\/v2\/posts\/34987\/revisions"}],"wp:featuredmedia":[{"embeddable":true,"href":"https:\/\/www.cordobatimes.com\/showup\/wp-json\/wp\/v2\/media\/34999"}],"wp:attachment":[{"href":"https:\/\/www.cordobatimes.com\/showup\/wp-json\/wp\/v2\/media?parent=34987"}],"wp:term":[{"taxonomy":"category","embeddable":true,"href":"https:\/\/www.cordobatimes.com\/showup\/wp-json\/wp\/v2\/categories?post=34987"},{"taxonomy":"post_tag","embeddable":true,"href":"https:\/\/www.cordobatimes.com\/showup\/wp-json\/wp\/v2\/tags?post=34987"}],"curies":[{"name":"wp","href":"https:\/\/api.w.org\/{rel}","templated":true}]}}