{"id":34930,"date":"2014-12-28T15:57:24","date_gmt":"2014-12-28T18:57:24","guid":{"rendered":"http:\/\/cordobatimes.com\/showup\/?p=34930"},"modified":"2020-02-07T20:46:06","modified_gmt":"2020-02-07T23:46:06","slug":"alejandra-maglietti-viajo-a-pasar-ano-nuevo-con-jonas","status":"publish","type":"post","link":"https:\/\/www.cordobatimes.com\/showup\/famosos\/2014\/12\/28\/alejandra-maglietti-viajo-a-pasar-ano-nuevo-con-jonas\/","title":{"rendered":"Alejandra Maglietti viaj\u00f3 a pasar a\u00f1o nuevo con Jon\u00e1s"},"content":{"rendered":"<h3 style=\"text-align: justify;\"><strong>La modelo emprendi\u00f3 viaje hacia Inglaterra para celebrar el comienzo de un nuevo a\u00f1o con el futbolista.\u00a0<\/strong><\/h3>\n<p style=\"text-align: justify;\">Despu\u00e9s de haber vivido un tiempo de lucha ya que el mediocampista atraves\u00f3 un duro periodo como paciente oncol\u00f3gico y gracias al apoyo de su familia, sus amigos y su novia sali\u00f3 airoso de la batalla; ahora es momento de disfrutar.<\/p>\n<p style=\"text-align: justify;\">Seg\u00fan publicaron diferentes fuentes, \u00a0Alejandra Maglietti se quedar\u00e1 hasta el 5 de enero cuando regresar\u00e1 a Buenos Aires para cumplir con sus obligaciones laborales.<\/p>\n<p style=\"text-align: justify;\">Entre alguna de sus obligaciones se encuentra\u00a0el desfile de las escalinatas de Vidal Rivas que se desarrollar\u00e1 en Mar del Plata.<\/p>\n","protected":false},"excerpt":{"rendered":"<p>La modelo emprendi\u00f3 viaje hacia Inglaterra para celebrar el comienzo de un nuevo a\u00f1o con el futbolista.\u00a0 Despu\u00e9s de haber vivido un tiempo de lucha ya que el mediocampista atraves\u00f3 un duro periodo como paciente oncol\u00f3gico y gracias al apoyo de su familia, sus amigos y su novia sali\u00f3 airoso de la batalla; ahora es [&hellip;]<\/p>\n","protected":false},"author":9,"featured_media":34931,"comment_status":"closed","ping_status":"closed","sticky":false,"template":"","format":"standard","meta":{"_seopress_robots_primary_cat":"","_seopress_titles_title":"","_seopress_titles_desc":"","_seopress_robots_index":"","footnotes":""},"categories":[4],"tags":[29300],"class_list":{"0":"post-34930","1":"post","2":"type-post","3":"status-publish","4":"format-standard","5":"has-post-thumbnail","7":"category-famosos","8":"tag-alejandra-maglietti-y-jonas-gutierrez"},"_links":{"self":[{"href":"https:\/\/www.cordobatimes.com\/showup\/wp-json\/wp\/v2\/posts\/34930","targetHints":{"allow":["GET"]}}],"collection":[{"href":"https:\/\/www.cordobatimes.com\/showup\/wp-json\/wp\/v2\/posts"}],"about":[{"href":"https:\/\/www.cordobatimes.com\/showup\/wp-json\/wp\/v2\/types\/post"}],"author":[{"embeddable":true,"href":"https:\/\/www.cordobatimes.com\/showup\/wp-json\/wp\/v2\/users\/9"}],"replies":[{"embeddable":true,"href":"https:\/\/www.cordobatimes.com\/showup\/wp-json\/wp\/v2\/comments?post=34930"}],"version-history":[{"count":0,"href":"https:\/\/www.cordobatimes.com\/showup\/wp-json\/wp\/v2\/posts\/34930\/revisions"}],"wp:featuredmedia":[{"embeddable":true,"href":"https:\/\/www.cordobatimes.com\/showup\/wp-json\/wp\/v2\/media\/34931"}],"wp:attachment":[{"href":"https:\/\/www.cordobatimes.com\/showup\/wp-json\/wp\/v2\/media?parent=34930"}],"wp:term":[{"taxonomy":"category","embeddable":true,"href":"https:\/\/www.cordobatimes.com\/showup\/wp-json\/wp\/v2\/categories?post=34930"},{"taxonomy":"post_tag","embeddable":true,"href":"https:\/\/www.cordobatimes.com\/showup\/wp-json\/wp\/v2\/tags?post=34930"}],"curies":[{"name":"wp","href":"https:\/\/api.w.org\/{rel}","templated":true}]}}