{"id":34924,"date":"2014-12-28T15:47:04","date_gmt":"2014-12-28T18:47:04","guid":{"rendered":"http:\/\/cordobatimes.com\/showup\/?p=34924"},"modified":"2020-02-07T21:12:14","modified_gmt":"2020-02-08T00:12:14","slug":"graciela-alfano-sorprendio-en-bikini-a-los-62-anos-fotos","status":"publish","type":"post","link":"https:\/\/www.cordobatimes.com\/showup\/famosos\/2014\/12\/28\/graciela-alfano-sorprendio-en-bikini-a-los-62-anos-fotos\/","title":{"rendered":"Graciela Alfano sorprendi\u00f3 en bikini a los 62 a\u00f1os (Fotos)"},"content":{"rendered":"<h3><strong>La vedette y actriz se encuentra disfrutando \u00a0del sol en las playas de Punta del Este desde donde decidi\u00f3 compartir una imagen de ella en las redes sociales posando muy sexy.<\/strong><\/h3>\n<p>A los 62 a\u00f1os Graciela se dej\u00f3 fotografiar en bikini y demostr\u00f3 ser due\u00f1a de un cuerpo m\u00e1s que envidiable.<\/p>\n<p>\u00abSoooooool!!!!!!\u00bb, escribi\u00f3 en el mensaje que acompa\u00f1a a una de las im\u00e1genes, en la que aparece recostada en una reposera con anteojos de sol y una bikini con estampado animal print.<\/p>\n<p style=\"text-align: center;\"><a href=\"http:\/\/cordobatimes.com\/showup\/wp-content\/uploads\/2014\/12\/313.jpg\"><img loading=\"lazy\" decoding=\"async\" class=\"wp-image-34926 aligncenter\" src=\"http:\/\/cordobatimes.com\/showup\/wp-content\/uploads\/2014\/12\/313.jpg\" alt=\"3\" width=\"600\" height=\"500\" data-id=\"34926\" \/><\/a><\/p>\n<p>&nbsp;<\/p>\n<p style=\"text-align: center;\"><a href=\"http:\/\/cordobatimes.com\/showup\/wp-content\/uploads\/2014\/12\/214.jpg\"><img loading=\"lazy\" decoding=\"async\" class=\"size-full wp-image-34927 aligncenter\" src=\"http:\/\/cordobatimes.com\/showup\/wp-content\/uploads\/2014\/12\/214.jpg\" alt=\"2\" width=\"500\" height=\"734\" data-id=\"34927\" srcset=\"https:\/\/www.cordobatimes.com\/showup\/wp-content\/uploads\/2014\/12\/214.jpg 500w, https:\/\/www.cordobatimes.com\/showup\/wp-content\/uploads\/2014\/12\/214-204x300.jpg 204w\" sizes=\"auto, (max-width: 500px) 100vw, 500px\" \/><\/a><\/p>\n","protected":false},"excerpt":{"rendered":"<p>La vedette y actriz se encuentra disfrutando \u00a0del sol en las playas de Punta del Este desde donde decidi\u00f3 compartir una imagen de ella en las redes sociales posando muy sexy. A los 62 a\u00f1os Graciela se dej\u00f3 fotografiar en bikini y demostr\u00f3 ser due\u00f1a de un cuerpo m\u00e1s que envidiable. \u00abSoooooool!!!!!!\u00bb, escribi\u00f3 en el [&hellip;]<\/p>\n","protected":false},"author":9,"featured_media":34925,"comment_status":"closed","ping_status":"closed","sticky":false,"template":"","format":"standard","meta":{"_seopress_robots_primary_cat":"","_seopress_titles_title":"","_seopress_titles_desc":"","_seopress_robots_index":"","footnotes":""},"categories":[4],"tags":[29462],"class_list":{"0":"post-34924","1":"post","2":"type-post","3":"status-publish","4":"format-standard","5":"has-post-thumbnail","7":"category-famosos","8":"tag-fotos-de-graciela-alfano-en-bikini"},"_links":{"self":[{"href":"https:\/\/www.cordobatimes.com\/showup\/wp-json\/wp\/v2\/posts\/34924","targetHints":{"allow":["GET"]}}],"collection":[{"href":"https:\/\/www.cordobatimes.com\/showup\/wp-json\/wp\/v2\/posts"}],"about":[{"href":"https:\/\/www.cordobatimes.com\/showup\/wp-json\/wp\/v2\/types\/post"}],"author":[{"embeddable":true,"href":"https:\/\/www.cordobatimes.com\/showup\/wp-json\/wp\/v2\/users\/9"}],"replies":[{"embeddable":true,"href":"https:\/\/www.cordobatimes.com\/showup\/wp-json\/wp\/v2\/comments?post=34924"}],"version-history":[{"count":0,"href":"https:\/\/www.cordobatimes.com\/showup\/wp-json\/wp\/v2\/posts\/34924\/revisions"}],"wp:featuredmedia":[{"embeddable":true,"href":"https:\/\/www.cordobatimes.com\/showup\/wp-json\/wp\/v2\/media\/34925"}],"wp:attachment":[{"href":"https:\/\/www.cordobatimes.com\/showup\/wp-json\/wp\/v2\/media?parent=34924"}],"wp:term":[{"taxonomy":"category","embeddable":true,"href":"https:\/\/www.cordobatimes.com\/showup\/wp-json\/wp\/v2\/categories?post=34924"},{"taxonomy":"post_tag","embeddable":true,"href":"https:\/\/www.cordobatimes.com\/showup\/wp-json\/wp\/v2\/tags?post=34924"}],"curies":[{"name":"wp","href":"https:\/\/api.w.org\/{rel}","templated":true}]}}