{"id":34893,"date":"2014-12-27T12:46:29","date_gmt":"2014-12-27T15:46:29","guid":{"rendered":"http:\/\/cordobatimes.com\/showup\/?p=34893"},"modified":"2020-02-07T21:52:42","modified_gmt":"2020-02-08T00:52:42","slug":"el-papa-francisco-le-contesto-una-carta-a-roberto-piazza","status":"publish","type":"post","link":"https:\/\/www.cordobatimes.com\/showup\/famosos\/2014\/12\/27\/el-papa-francisco-le-contesto-una-carta-a-roberto-piazza\/","title":{"rendered":"El Papa Francisco le contest\u00f3 una carta a Roberto Piazza"},"content":{"rendered":"<h3 style=\"text-align: justify;\"><strong>De pu\u00f1o y letra,el sumo pont\u00edfice le explica al dise\u00f1ador de modas, quien revel\u00f3 haber sido abusado por su hermano en su juventud, el trabajo que viene realizando la comisi\u00f3n para la tutela de los menores que constituy\u00f3 a principio de 2014 en el Vaticano.<\/strong><\/h3>\n<p style=\"text-align: justify;\">\u00abLas huellas que el abuso de menores deja en las v\u00edctimas son como para llorar a gritos\u00bb, manifest\u00f3 el santo padre en la carta que el dise\u00f1ador comparti\u00f3 a trav\u00e9s de sus redes sociales, y felicit\u00f3 a Piazza por el trabajo que realiza junto a su Fundaci\u00f3n.<\/p>\n<p style=\"text-align: justify;\">A su vez, Francisco record\u00f3 a Patricia Sosa, quien cant\u00f3, junto a otros m\u00fasicos, en la \u00abMisa Criolla\u00bb, celebrada en bas\u00edlica de San Pedro semanas atr\u00e1s.<\/p>\n<blockquote>\n<p style=\"text-align: justify;\">\u00abSr Roberto Piazza.<\/p>\n<p style=\"text-align: justify;\">Ayer recib\u00ed su carta del pasado 28 de noviembre junto con el rosario, el libro y el cd. Muchas gracias. Que el se\u00f1or le retribuya su delicadeza. El rosario es muy bello. Leer\u00e9 el libro y escuchare el cd.<\/p>\n<p style=\"text-align: justify;\">Precisamente en estos d\u00edas est\u00e1 reunida en esta casa Santa Marta la comisi\u00f3n para la tutela de los menores que constitu\u00ed a principios de a\u00f1o. El trabajo principal es prevenir el abuso sexual infantil. Est\u00e1n trabajando bien. Las huellas que el abuso de menores deja en las victimas son como para llorar a gritos. Lo felicito por el trabajo que usted hace en este campo.<\/p>\n<p style=\"text-align: justify;\">Le deseo una Feliz y Santa Navidad, que Jes\u00fas lo bendiga y la Virgen Santa lo cuide. Mis saludos a Patricia: canto maravillosamente. Y, por favor, no se olvide de rezar por m\u00ed.<\/p>\n<p style=\"text-align: justify;\">Fraternalmente, Francisco\u201d<\/p>\n<\/blockquote>\n<p style=\"text-align: justify;\">Emocionado, el dise\u00f1ador expres\u00f3: \u00abNo solo me da un abrazo fraterno para que callen la boca muchos, sino que me pide que rece por \u00e9l. Estoy emocionado y ya me ir\u00e9 para Roma pronto\u00bb.<\/p>\n","protected":false},"excerpt":{"rendered":"<p>De pu\u00f1o y letra,el sumo pont\u00edfice le explica al dise\u00f1ador de modas, quien revel\u00f3 haber sido abusado por su hermano en su juventud, el trabajo que viene realizando la comisi\u00f3n para la tutela de los menores que constituy\u00f3 a principio de 2014 en el Vaticano. \u00abLas huellas que el abuso de menores deja en las [&hellip;]<\/p>\n","protected":false},"author":9,"featured_media":34894,"comment_status":"closed","ping_status":"closed","sticky":false,"template":"","format":"standard","meta":{"_seopress_robots_primary_cat":"","_seopress_titles_title":"","_seopress_titles_desc":"","_seopress_robots_index":"","footnotes":""},"categories":[4],"tags":[29471,29472],"class_list":{"0":"post-34893","1":"post","2":"type-post","3":"status-publish","4":"format-standard","5":"has-post-thumbnail","7":"category-famosos","8":"tag-papa-francisco-carta-a-roberto-piazza","9":"tag-papa-francisco-roberto-piazza"},"_links":{"self":[{"href":"https:\/\/www.cordobatimes.com\/showup\/wp-json\/wp\/v2\/posts\/34893","targetHints":{"allow":["GET"]}}],"collection":[{"href":"https:\/\/www.cordobatimes.com\/showup\/wp-json\/wp\/v2\/posts"}],"about":[{"href":"https:\/\/www.cordobatimes.com\/showup\/wp-json\/wp\/v2\/types\/post"}],"author":[{"embeddable":true,"href":"https:\/\/www.cordobatimes.com\/showup\/wp-json\/wp\/v2\/users\/9"}],"replies":[{"embeddable":true,"href":"https:\/\/www.cordobatimes.com\/showup\/wp-json\/wp\/v2\/comments?post=34893"}],"version-history":[{"count":0,"href":"https:\/\/www.cordobatimes.com\/showup\/wp-json\/wp\/v2\/posts\/34893\/revisions"}],"wp:featuredmedia":[{"embeddable":true,"href":"https:\/\/www.cordobatimes.com\/showup\/wp-json\/wp\/v2\/media\/34894"}],"wp:attachment":[{"href":"https:\/\/www.cordobatimes.com\/showup\/wp-json\/wp\/v2\/media?parent=34893"}],"wp:term":[{"taxonomy":"category","embeddable":true,"href":"https:\/\/www.cordobatimes.com\/showup\/wp-json\/wp\/v2\/categories?post=34893"},{"taxonomy":"post_tag","embeddable":true,"href":"https:\/\/www.cordobatimes.com\/showup\/wp-json\/wp\/v2\/tags?post=34893"}],"curies":[{"name":"wp","href":"https:\/\/api.w.org\/{rel}","templated":true}]}}