{"id":34868,"date":"2014-12-26T15:45:02","date_gmt":"2014-12-26T18:45:02","guid":{"rendered":"http:\/\/cordobatimes.com\/showup\/?p=34868"},"modified":"2020-02-07T21:33:32","modified_gmt":"2020-02-08T00:33:32","slug":"valeria-lynch-vuelve-a-la-tele-junto-a-lali-esposito","status":"publish","type":"post","link":"https:\/\/www.cordobatimes.com\/showup\/tv\/2014\/12\/26\/valeria-lynch-vuelve-a-la-tele-junto-a-lali-esposito\/","title":{"rendered":"Valeria Lynch vuelve a la tele junto a Lali Esp\u00f3sito"},"content":{"rendered":"<h3 style=\"text-align: justify;\"><strong>Ser\u00e1 con \u201cEsperanza m\u00eda\u201d la nueva tira que prepara Pol-ka para debutar en marzo en la pantalla de El Trece.<\/strong><\/h3>\n<p style=\"text-align: justify;\">All\u00ed podremos ver una divertida comedia con musicales que ser\u00e1 el regreso de la cantante a la pantalla chica.<\/p>\n<p style=\"text-align: justify;\">Entre m\u00fasica y canciones, Adri\u00e1n Suar no dud\u00f3 en convocar a Valeria Lynch, una de las mejores cantantes del pa\u00eds, para que haga una participaci\u00f3n especial en la tira.<\/p>\n<p style=\"text-align: justify;\">Valeria ser\u00e1 una de las monjas del convento que tendr\u00e1 una particularidad: le gusta el rock and roll.<\/p>\n<p style=\"text-align: justify;\">Se dar\u00e1 una dupla entre Valeria y Lali, en una tira que intenta quedarse con el prime time familiar en este 2015.<\/p>\n","protected":false},"excerpt":{"rendered":"<p>Ser\u00e1 con \u201cEsperanza m\u00eda\u201d la nueva tira que prepara Pol-ka para debutar en marzo en la pantalla de El Trece. All\u00ed podremos ver una divertida comedia con musicales que ser\u00e1 el regreso de la cantante a la pantalla chica. Entre m\u00fasica y canciones, Adri\u00e1n Suar no dud\u00f3 en convocar a Valeria Lynch, una de las [&hellip;]<\/p>\n","protected":false},"author":9,"featured_media":34869,"comment_status":"closed","ping_status":"closed","sticky":false,"template":"","format":"standard","meta":{"_seopress_robots_primary_cat":"","_seopress_titles_title":"","_seopress_titles_desc":"","_seopress_robots_index":"","footnotes":""},"categories":[2],"tags":[29468,29469],"class_list":{"0":"post-34868","1":"post","2":"type-post","3":"status-publish","4":"format-standard","5":"has-post-thumbnail","7":"category-tv","8":"tag-valeria-lynch-en-esperanza-mia","9":"tag-valeria-lynch-lali-esposito"},"_links":{"self":[{"href":"https:\/\/www.cordobatimes.com\/showup\/wp-json\/wp\/v2\/posts\/34868","targetHints":{"allow":["GET"]}}],"collection":[{"href":"https:\/\/www.cordobatimes.com\/showup\/wp-json\/wp\/v2\/posts"}],"about":[{"href":"https:\/\/www.cordobatimes.com\/showup\/wp-json\/wp\/v2\/types\/post"}],"author":[{"embeddable":true,"href":"https:\/\/www.cordobatimes.com\/showup\/wp-json\/wp\/v2\/users\/9"}],"replies":[{"embeddable":true,"href":"https:\/\/www.cordobatimes.com\/showup\/wp-json\/wp\/v2\/comments?post=34868"}],"version-history":[{"count":0,"href":"https:\/\/www.cordobatimes.com\/showup\/wp-json\/wp\/v2\/posts\/34868\/revisions"}],"wp:featuredmedia":[{"embeddable":true,"href":"https:\/\/www.cordobatimes.com\/showup\/wp-json\/wp\/v2\/media\/34869"}],"wp:attachment":[{"href":"https:\/\/www.cordobatimes.com\/showup\/wp-json\/wp\/v2\/media?parent=34868"}],"wp:term":[{"taxonomy":"category","embeddable":true,"href":"https:\/\/www.cordobatimes.com\/showup\/wp-json\/wp\/v2\/categories?post=34868"},{"taxonomy":"post_tag","embeddable":true,"href":"https:\/\/www.cordobatimes.com\/showup\/wp-json\/wp\/v2\/tags?post=34868"}],"curies":[{"name":"wp","href":"https:\/\/api.w.org\/{rel}","templated":true}]}}