{"id":34771,"date":"2014-12-24T13:51:21","date_gmt":"2014-12-24T16:51:21","guid":{"rendered":"http:\/\/cordobatimes.com\/showup\/?p=34771"},"modified":"2020-02-08T09:05:36","modified_gmt":"2020-02-08T12:05:36","slug":"nico-riera-pasara-las-fiestas-con-un-nuevo-look-lo-viste","status":"publish","type":"post","link":"https:\/\/www.cordobatimes.com\/showup\/famosos\/2014\/12\/24\/nico-riera-pasara-las-fiestas-con-un-nuevo-look-lo-viste\/","title":{"rendered":"Nico Riera pasar\u00e1 las fiestas con un nuevo look, \u00bflo viste?"},"content":{"rendered":"<h3><strong>El bello cantante teen \u00a0decidi\u00f3 nuevamente apostar al cambio y empezar\u00e1 el a\u00f1o con un nuevo corto.<\/strong><\/h3>\n<p>El actor comparti\u00f3 una imagen de c\u00f3mo qued\u00f3 su nuevo corte de pelo, rapado a los costados y con una cresta en el medio, sum\u00e1ndose a los cortes modernos.<\/p>\n<p>El ex de Roc\u00edo Igarz\u00e1bal se mostr\u00f3 contento con su nuevo peinado y lo difundi\u00f3 a trav\u00e9s de su cuenta en Instagram.<\/p>\n<h3><a href=\"http:\/\/cordobatimes.com\/showup\/wp-content\/uploads\/2014\/12\/tacho.jpg\"><img loading=\"lazy\" decoding=\"async\" class=\"alignnone size-full wp-image-34772\" src=\"http:\/\/cordobatimes.com\/showup\/wp-content\/uploads\/2014\/12\/tacho.jpg\" alt=\"tacho\" width=\"624\" height=\"468\" data-id=\"34772\" srcset=\"https:\/\/www.cordobatimes.com\/showup\/wp-content\/uploads\/2014\/12\/tacho.jpg 624w, https:\/\/www.cordobatimes.com\/showup\/wp-content\/uploads\/2014\/12\/tacho-300x225.jpg 300w\" sizes=\"auto, (max-width: 624px) 100vw, 624px\" \/><\/a><\/h3>\n<p>A vos, \u00bfte gusta su nueva imagen?<\/p>\n<p>&nbsp;<\/p>\n","protected":false},"excerpt":{"rendered":"<p>El bello cantante teen \u00a0decidi\u00f3 nuevamente apostar al cambio y empezar\u00e1 el a\u00f1o con un nuevo corto. El actor comparti\u00f3 una imagen de c\u00f3mo qued\u00f3 su nuevo corte de pelo, rapado a los costados y con una cresta en el medio, sum\u00e1ndose a los cortes modernos. El ex de Roc\u00edo Igarz\u00e1bal se mostr\u00f3 contento con [&hellip;]<\/p>\n","protected":false},"author":9,"featured_media":34773,"comment_status":"closed","ping_status":"closed","sticky":false,"template":"","format":"standard","meta":{"_seopress_robots_primary_cat":"","_seopress_titles_title":"","_seopress_titles_desc":"","_seopress_robots_index":"","footnotes":""},"categories":[4],"tags":[29480,29479],"class_list":{"0":"post-34771","1":"post","2":"type-post","3":"status-publish","4":"format-standard","5":"has-post-thumbnail","7":"category-famosos","8":"tag-cambios-de-look-de-nico-riera","9":"tag-cortes-de-pelo-de-nico-riera"},"_links":{"self":[{"href":"https:\/\/www.cordobatimes.com\/showup\/wp-json\/wp\/v2\/posts\/34771","targetHints":{"allow":["GET"]}}],"collection":[{"href":"https:\/\/www.cordobatimes.com\/showup\/wp-json\/wp\/v2\/posts"}],"about":[{"href":"https:\/\/www.cordobatimes.com\/showup\/wp-json\/wp\/v2\/types\/post"}],"author":[{"embeddable":true,"href":"https:\/\/www.cordobatimes.com\/showup\/wp-json\/wp\/v2\/users\/9"}],"replies":[{"embeddable":true,"href":"https:\/\/www.cordobatimes.com\/showup\/wp-json\/wp\/v2\/comments?post=34771"}],"version-history":[{"count":0,"href":"https:\/\/www.cordobatimes.com\/showup\/wp-json\/wp\/v2\/posts\/34771\/revisions"}],"wp:featuredmedia":[{"embeddable":true,"href":"https:\/\/www.cordobatimes.com\/showup\/wp-json\/wp\/v2\/media\/34773"}],"wp:attachment":[{"href":"https:\/\/www.cordobatimes.com\/showup\/wp-json\/wp\/v2\/media?parent=34771"}],"wp:term":[{"taxonomy":"category","embeddable":true,"href":"https:\/\/www.cordobatimes.com\/showup\/wp-json\/wp\/v2\/categories?post=34771"},{"taxonomy":"post_tag","embeddable":true,"href":"https:\/\/www.cordobatimes.com\/showup\/wp-json\/wp\/v2\/tags?post=34771"}],"curies":[{"name":"wp","href":"https:\/\/api.w.org\/{rel}","templated":true}]}}