{"id":34764,"date":"2014-12-24T13:00:52","date_gmt":"2014-12-24T16:00:52","guid":{"rendered":"http:\/\/cordobatimes.com\/showup\/?p=34764"},"modified":"2020-02-08T09:10:48","modified_gmt":"2020-02-08T12:10:48","slug":"fronteras-llega-a-la-pantalla-de-telefe","status":"publish","type":"post","link":"https:\/\/www.cordobatimes.com\/showup\/tv\/2014\/12\/24\/fronteras-llega-a-la-pantalla-de-telefe\/","title":{"rendered":"\u00abFronteras\u00bb llega a la pantalla de Telefe"},"content":{"rendered":"<h3 style=\"text-align: justify;\"><strong>La mini serie protagonizada pro Isabel Macedo, Julieta Ortega, Fabi\u00e1n Mazzei, Ra\u00fal Taibo, Mat\u00edas Desiderio y Vanesa Butera, tendr\u00e1 solo trece cap\u00edtulos y aterriza a la televisi\u00f3n en enero\u00a0<\/strong><\/h3>\n<p style=\"text-align: justify;\">El equipo de \u00abFronteras\u00bb realiz\u00f3 un fuerte trabajo de investigaci\u00f3n en instituciones m\u00e9dicas y sociales ya que la ficci\u00f3n trata casos reales de enfermedades tropicales y temas como la trata de blancas, desnutrici\u00f3n, trasplante de \u00f3rganos, epidemias, entre otros.<\/p>\n<p style=\"text-align: justify;\">Los actores tuvieron capacitaci\u00f3n en medicina y la miniserie fue filmada en escenarios naturales de Misiones y Buenos Aires y es \u00a0hablada en 3 idiomas (espa\u00f1ol, portugu\u00e9s y guaran\u00ed).<\/p>\n<p style=\"text-align: justify;\">Es una producci\u00f3n de ZOELLE PRODUCCIONES y fue rodada \u00edntegramente en HD. Los autores son Sabrina Farji, Romina Rissolo, Ramiro San Honorio y Julia Scarone.<\/p>\n<p style=\"text-align: justify;\">El canal de la pelotas ya confirm\u00f3 que el unitario va a salir al aire a partir de enero pero sin confirmar fecha ni horario a\u00fan.<\/p>\n","protected":false},"excerpt":{"rendered":"<p>La mini serie protagonizada pro Isabel Macedo, Julieta Ortega, Fabi\u00e1n Mazzei, Ra\u00fal Taibo, Mat\u00edas Desiderio y Vanesa Butera, tendr\u00e1 solo trece cap\u00edtulos y aterriza a la televisi\u00f3n en enero\u00a0 El equipo de \u00abFronteras\u00bb realiz\u00f3 un fuerte trabajo de investigaci\u00f3n en instituciones m\u00e9dicas y sociales ya que la ficci\u00f3n trata casos reales de enfermedades tropicales y [&hellip;]<\/p>\n","protected":false},"author":9,"featured_media":34765,"comment_status":"closed","ping_status":"closed","sticky":false,"template":"","format":"standard","meta":{"_seopress_robots_primary_cat":"","_seopress_titles_title":"","_seopress_titles_desc":"","_seopress_robots_index":"","footnotes":""},"categories":[2],"tags":[29483,29482],"class_list":{"0":"post-34764","1":"post","2":"type-post","3":"status-publish","4":"format-standard","5":"has-post-thumbnail","7":"category-tv","8":"tag-fronteras-telefe","9":"tag-serie-fronteras"},"_links":{"self":[{"href":"https:\/\/www.cordobatimes.com\/showup\/wp-json\/wp\/v2\/posts\/34764","targetHints":{"allow":["GET"]}}],"collection":[{"href":"https:\/\/www.cordobatimes.com\/showup\/wp-json\/wp\/v2\/posts"}],"about":[{"href":"https:\/\/www.cordobatimes.com\/showup\/wp-json\/wp\/v2\/types\/post"}],"author":[{"embeddable":true,"href":"https:\/\/www.cordobatimes.com\/showup\/wp-json\/wp\/v2\/users\/9"}],"replies":[{"embeddable":true,"href":"https:\/\/www.cordobatimes.com\/showup\/wp-json\/wp\/v2\/comments?post=34764"}],"version-history":[{"count":0,"href":"https:\/\/www.cordobatimes.com\/showup\/wp-json\/wp\/v2\/posts\/34764\/revisions"}],"wp:featuredmedia":[{"embeddable":true,"href":"https:\/\/www.cordobatimes.com\/showup\/wp-json\/wp\/v2\/media\/34765"}],"wp:attachment":[{"href":"https:\/\/www.cordobatimes.com\/showup\/wp-json\/wp\/v2\/media?parent=34764"}],"wp:term":[{"taxonomy":"category","embeddable":true,"href":"https:\/\/www.cordobatimes.com\/showup\/wp-json\/wp\/v2\/categories?post=34764"},{"taxonomy":"post_tag","embeddable":true,"href":"https:\/\/www.cordobatimes.com\/showup\/wp-json\/wp\/v2\/tags?post=34764"}],"curies":[{"name":"wp","href":"https:\/\/api.w.org\/{rel}","templated":true}]}}