{"id":34739,"date":"2014-12-23T14:41:55","date_gmt":"2014-12-23T17:41:55","guid":{"rendered":"http:\/\/cordobatimes.com\/showup\/?p=34739"},"modified":"2020-02-08T09:26:09","modified_gmt":"2020-02-08T12:26:09","slug":"relatos-salvajes-la-pelicula-argentina-mas-vista-de-la-historia","status":"publish","type":"post","link":"https:\/\/www.cordobatimes.com\/showup\/cine-y-series\/2014\/12\/23\/relatos-salvajes-la-pelicula-argentina-mas-vista-de-la-historia\/","title":{"rendered":"\u00abRelatos Salvajes\u00bb: la pel\u00edcula argentina m\u00e1s vista de la historia"},"content":{"rendered":"<h3 style=\"text-align: justify;\"><strong>La producci\u00f3n sigue batiendo r\u00e9cords de espectadores y \u00a0ya \u00a0super\u00f3 los 3,4 millones convirti\u00e9ndose \u00a0en la tercera entre los filmes con mayor concurrencia de la historia local, despu\u00e9s de \u00abTitanic\u00bb y \u00abLa era del hielo 4\u00bb.<\/strong><\/h3>\n<p style=\"text-align: justify;\">Protagonizada por Ricardo Dar\u00edn, Oscar Mart\u00ednez, Leonardo Sbaraglia, \u00c9rica Rivas, Rita Cortese, Julieta Zylberberg y Dar\u00edo Grandinetti, el filme, que lleva 19 semanas en cartel, viene precedido de una gran repercusi\u00f3n tras su participaci\u00f3n oficial en el Festival de Cannes y en otros importantes festivales, generando el inter\u00e9s de las m\u00e1s importantes plazas cinematogr\u00e1ficas.<\/p>\n<p style=\"text-align: justify;\">La pel\u00edcula, que a\u00fan puede verse en las salas locales, fue seleccionada por la Academia de Hollywood como uno de los nueve t\u00edtulos para integrar la categor\u00eda de mejor filme de habla no inglesa en los premios Oscar 2015 -s\u00f3lo cinco quedar\u00e1n entre las nominadas de esa selecci\u00f3n.<\/p>\n<p style=\"text-align: justify;\">La pel\u00edcula marc\u00f3 cifras r\u00e9cord de p\u00fablico para un t\u00edtulo argentino tambi\u00e9n en Uruguay, Chile, Per\u00fa, Brasil, Venezuela, M\u00e9xico, Costa Rica, y espera su estreno comercial en 2015 en Estados Unidos, Inglaterra y Alemania, a los que seguir\u00e1n decenas de pa\u00edses de Europa, Asia y Medio Oriente.<\/p>\n<p style=\"text-align: justify;\">Relatos Salvajes fue elegida como una de las 10 mejores pel\u00edculas del a\u00f1o por la revista Time, est\u00e1 nominada a los Critics Choice Awars 2015 y gan\u00f3 premios como el National Board of Review 2015 y el Premio del P\u00fablico del Festival de Sarajevo.<\/p>\n","protected":false},"excerpt":{"rendered":"<p>La producci\u00f3n sigue batiendo r\u00e9cords de espectadores y \u00a0ya \u00a0super\u00f3 los 3,4 millones convirti\u00e9ndose \u00a0en la tercera entre los filmes con mayor concurrencia de la historia local, despu\u00e9s de \u00abTitanic\u00bb y \u00abLa era del hielo 4\u00bb. Protagonizada por Ricardo Dar\u00edn, Oscar Mart\u00ednez, Leonardo Sbaraglia, \u00c9rica Rivas, Rita Cortese, Julieta Zylberberg y Dar\u00edo Grandinetti, el filme, [&hellip;]<\/p>\n","protected":false},"author":9,"featured_media":34740,"comment_status":"closed","ping_status":"closed","sticky":false,"template":"","format":"standard","meta":{"_seopress_robots_primary_cat":"","_seopress_titles_title":"","_seopress_titles_desc":"","_seopress_robots_index":"","footnotes":""},"categories":[3],"tags":[29491,29489,29490],"class_list":{"0":"post-34739","1":"post","2":"type-post","3":"status-publish","4":"format-standard","5":"has-post-thumbnail","7":"category-cine-y-series","8":"tag-elenco-de-relatos-salvajes","9":"tag-relatos-salvajes-es-la-pelicula-mas-vista-de-la-historia","10":"tag-reparto-de-relatos-salvajes"},"_links":{"self":[{"href":"https:\/\/www.cordobatimes.com\/showup\/wp-json\/wp\/v2\/posts\/34739","targetHints":{"allow":["GET"]}}],"collection":[{"href":"https:\/\/www.cordobatimes.com\/showup\/wp-json\/wp\/v2\/posts"}],"about":[{"href":"https:\/\/www.cordobatimes.com\/showup\/wp-json\/wp\/v2\/types\/post"}],"author":[{"embeddable":true,"href":"https:\/\/www.cordobatimes.com\/showup\/wp-json\/wp\/v2\/users\/9"}],"replies":[{"embeddable":true,"href":"https:\/\/www.cordobatimes.com\/showup\/wp-json\/wp\/v2\/comments?post=34739"}],"version-history":[{"count":0,"href":"https:\/\/www.cordobatimes.com\/showup\/wp-json\/wp\/v2\/posts\/34739\/revisions"}],"wp:featuredmedia":[{"embeddable":true,"href":"https:\/\/www.cordobatimes.com\/showup\/wp-json\/wp\/v2\/media\/34740"}],"wp:attachment":[{"href":"https:\/\/www.cordobatimes.com\/showup\/wp-json\/wp\/v2\/media?parent=34739"}],"wp:term":[{"taxonomy":"category","embeddable":true,"href":"https:\/\/www.cordobatimes.com\/showup\/wp-json\/wp\/v2\/categories?post=34739"},{"taxonomy":"post_tag","embeddable":true,"href":"https:\/\/www.cordobatimes.com\/showup\/wp-json\/wp\/v2\/tags?post=34739"}],"curies":[{"name":"wp","href":"https:\/\/api.w.org\/{rel}","templated":true}]}}