{"id":34680,"date":"2014-12-22T02:13:28","date_gmt":"2014-12-22T05:13:28","guid":{"rendered":"http:\/\/cordobatimes.com\/showup\/?p=34680"},"modified":"2020-02-08T09:34:45","modified_gmt":"2020-02-08T12:34:45","slug":"menu-de-lunes-melon-con-jamon","status":"publish","type":"post","link":"https:\/\/www.cordobatimes.com\/showup\/cocina\/2014\/12\/22\/menu-de-lunes-melon-con-jamon\/","title":{"rendered":"Mel\u00f3n con jam\u00f3n"},"content":{"rendered":"<p><span style=\"text-decoration: underline;\"><strong>Ingredientes<\/strong><\/span><\/p>\n<p>&#8211; medio mel\u00f3n<\/p>\n<p>&#8211; jam\u00f3n crudo<\/p>\n<p><span style=\"text-decoration: underline;\">Preparaci\u00f3n:\u00a0<\/span><\/p>\n<p>Parte un mel\u00f3n por la mitad y vac\u00edalo con una cuchara para que queden trocitos m\u00e1s o menos iguales.<\/p>\n<p>Envuelve cada trozo de mel\u00f3n con media feta de jam\u00f3n crudo y p\u00ednchala con un palillo para que se aguante.<\/p>\n<p>Deja que tu imaginaci\u00f3n se libere y decora a tu gusto el plato.<\/p>\n<p>&nbsp;<\/p>\n<p>&nbsp;<\/p>\n","protected":false},"excerpt":{"rendered":"<p>Ingredientes &#8211; medio mel\u00f3n &#8211; jam\u00f3n crudo Preparaci\u00f3n:\u00a0 Parte un mel\u00f3n por la mitad y vac\u00edalo con una cuchara para que queden trocitos m\u00e1s o menos iguales. Envuelve cada trozo de mel\u00f3n con media feta de jam\u00f3n crudo y p\u00ednchala con un palillo para que se aguante. Deja que tu imaginaci\u00f3n se libere y decora [&hellip;]<\/p>\n","protected":false},"author":9,"featured_media":34681,"comment_status":"closed","ping_status":"closed","sticky":false,"template":"","format":"standard","meta":{"_seopress_robots_primary_cat":"","_seopress_titles_title":"","_seopress_titles_desc":"","_seopress_robots_index":"","footnotes":""},"categories":[1,317],"tags":[11315,2452,11213,11318],"class_list":{"0":"post-34680","1":"post","2":"type-post","3":"status-publish","4":"format-standard","5":"has-post-thumbnail","7":"category-cocina","8":"category-recetas","9":"tag-recetas-de-navidad","10":"tag-recetas-de-verano","11":"tag-recetas-navidenas","12":"tag-recetas-para-las-fiestas"},"_links":{"self":[{"href":"https:\/\/www.cordobatimes.com\/showup\/wp-json\/wp\/v2\/posts\/34680","targetHints":{"allow":["GET"]}}],"collection":[{"href":"https:\/\/www.cordobatimes.com\/showup\/wp-json\/wp\/v2\/posts"}],"about":[{"href":"https:\/\/www.cordobatimes.com\/showup\/wp-json\/wp\/v2\/types\/post"}],"author":[{"embeddable":true,"href":"https:\/\/www.cordobatimes.com\/showup\/wp-json\/wp\/v2\/users\/9"}],"replies":[{"embeddable":true,"href":"https:\/\/www.cordobatimes.com\/showup\/wp-json\/wp\/v2\/comments?post=34680"}],"version-history":[{"count":0,"href":"https:\/\/www.cordobatimes.com\/showup\/wp-json\/wp\/v2\/posts\/34680\/revisions"}],"wp:featuredmedia":[{"embeddable":true,"href":"https:\/\/www.cordobatimes.com\/showup\/wp-json\/wp\/v2\/media\/34681"}],"wp:attachment":[{"href":"https:\/\/www.cordobatimes.com\/showup\/wp-json\/wp\/v2\/media?parent=34680"}],"wp:term":[{"taxonomy":"category","embeddable":true,"href":"https:\/\/www.cordobatimes.com\/showup\/wp-json\/wp\/v2\/categories?post=34680"},{"taxonomy":"post_tag","embeddable":true,"href":"https:\/\/www.cordobatimes.com\/showup\/wp-json\/wp\/v2\/tags?post=34680"}],"curies":[{"name":"wp","href":"https:\/\/api.w.org\/{rel}","templated":true}]}}