{"id":34651,"date":"2014-12-21T15:28:10","date_gmt":"2014-12-21T18:28:10","guid":{"rendered":"http:\/\/cordobatimes.com\/showup\/?p=34651"},"modified":"2020-02-08T09:53:14","modified_gmt":"2020-02-08T12:53:14","slug":"glee-llega-con-su-sexta-y-ultima-temporada","status":"publish","type":"post","link":"https:\/\/www.cordobatimes.com\/showup\/cine-y-series\/2014\/12\/21\/glee-llega-con-su-sexta-y-ultima-temporada\/","title":{"rendered":"Glee llega con su sexta y \u00faltima temporada"},"content":{"rendered":"<h3 style=\"text-align: justify;\"><strong>La nueva entrega \u00a0llegar\u00e1 a FOX el pr\u00f3ximo 9 de enero, con una premiere de dos horas de duraci\u00f3n. <\/strong><\/h3>\n<p style=\"text-align: justify;\">Para anhelo de los seguidores, \u00a0la cadena ha lanzado una tanda de im\u00e1genes que muestran a sus m\u00e1s queridos protagonistas.<\/p>\n<p style=\"text-align: justify;\">La ficci\u00f3n musical de Ryan Murphy, Ian Brennan y Brad Falchuk volver\u00e1 a centrarse en el Instituto William McKinley durante su \u00faltima entrega.<\/p>\n<p style=\"text-align: justify;\">As\u00ed, alumnos como Rachel (Lea Michele), Brittany (Heather Morris) o Santana (Naya Rivera), y profesores como la entrenadora Beiste (Dot-Marie Jones), Mr. Schue (Matthew Morrison) o Sue Sylvester (Jane Lynch), volver\u00e1n a la pantalla a entretener a miles de seguidores.<\/p>\n<p style=\"text-align: justify;\"><a href=\"http:\/\/cordobatimes.com\/showup\/wp-content\/uploads\/2014\/12\/112.jpg\"><img loading=\"lazy\" decoding=\"async\" class=\"alignnone size-full wp-image-34658\" src=\"http:\/\/cordobatimes.com\/showup\/wp-content\/uploads\/2014\/12\/112.jpg\" alt=\"1\" width=\"800\" height=\"1155\" data-id=\"34658\" srcset=\"https:\/\/www.cordobatimes.com\/showup\/wp-content\/uploads\/2014\/12\/112.jpg 800w, https:\/\/www.cordobatimes.com\/showup\/wp-content\/uploads\/2014\/12\/112-207x300.jpg 207w, https:\/\/www.cordobatimes.com\/showup\/wp-content\/uploads\/2014\/12\/112-709x1024.jpg 709w\" sizes=\"auto, (max-width: 800px) 100vw, 800px\" \/><\/a><\/p>\n<p style=\"text-align: justify;\"><a href=\"http:\/\/cordobatimes.com\/showup\/wp-content\/uploads\/2014\/12\/211.jpg\"><img loading=\"lazy\" decoding=\"async\" class=\"alignnone size-full wp-image-34659\" src=\"http:\/\/cordobatimes.com\/showup\/wp-content\/uploads\/2014\/12\/211.jpg\" alt=\"2\" width=\"800\" height=\"1155\" data-id=\"34659\" srcset=\"https:\/\/www.cordobatimes.com\/showup\/wp-content\/uploads\/2014\/12\/211.jpg 800w, https:\/\/www.cordobatimes.com\/showup\/wp-content\/uploads\/2014\/12\/211-207x300.jpg 207w, https:\/\/www.cordobatimes.com\/showup\/wp-content\/uploads\/2014\/12\/211-709x1024.jpg 709w\" sizes=\"auto, (max-width: 800px) 100vw, 800px\" \/><\/a><\/p>\n<p style=\"text-align: justify;\"><a href=\"http:\/\/cordobatimes.com\/showup\/wp-content\/uploads\/2014\/12\/310.jpg\"><img loading=\"lazy\" decoding=\"async\" class=\"alignnone size-full wp-image-34660\" src=\"http:\/\/cordobatimes.com\/showup\/wp-content\/uploads\/2014\/12\/310.jpg\" alt=\"3\" width=\"800\" height=\"1155\" data-id=\"34660\" srcset=\"https:\/\/www.cordobatimes.com\/showup\/wp-content\/uploads\/2014\/12\/310.jpg 800w, https:\/\/www.cordobatimes.com\/showup\/wp-content\/uploads\/2014\/12\/310-207x300.jpg 207w, https:\/\/www.cordobatimes.com\/showup\/wp-content\/uploads\/2014\/12\/310-709x1024.jpg 709w\" sizes=\"auto, (max-width: 800px) 100vw, 800px\" \/><\/a><\/p>\n<p style=\"text-align: justify;\"><a href=\"http:\/\/cordobatimes.com\/showup\/wp-content\/uploads\/2014\/12\/57.jpg\"><img loading=\"lazy\" decoding=\"async\" class=\"alignnone size-full wp-image-34661\" src=\"http:\/\/cordobatimes.com\/showup\/wp-content\/uploads\/2014\/12\/57.jpg\" alt=\"5\" width=\"800\" height=\"1155\" data-id=\"34661\" srcset=\"https:\/\/www.cordobatimes.com\/showup\/wp-content\/uploads\/2014\/12\/57.jpg 800w, https:\/\/www.cordobatimes.com\/showup\/wp-content\/uploads\/2014\/12\/57-207x300.jpg 207w, https:\/\/www.cordobatimes.com\/showup\/wp-content\/uploads\/2014\/12\/57-709x1024.jpg 709w\" sizes=\"auto, (max-width: 800px) 100vw, 800px\" \/><\/a><\/p>\n","protected":false},"excerpt":{"rendered":"<p>La nueva entrega \u00a0llegar\u00e1 a FOX el pr\u00f3ximo 9 de enero, con una premiere de dos horas de duraci\u00f3n. Para anhelo de los seguidores, \u00a0la cadena ha lanzado una tanda de im\u00e1genes que muestran a sus m\u00e1s queridos protagonistas. La ficci\u00f3n musical de Ryan Murphy, Ian Brennan y Brad Falchuk volver\u00e1 a centrarse en el [&hellip;]<\/p>\n","protected":false},"author":9,"featured_media":34657,"comment_status":"closed","ping_status":"closed","sticky":false,"template":"","format":"standard","meta":{"_seopress_robots_primary_cat":"","_seopress_titles_title":"","_seopress_titles_desc":"","_seopress_robots_index":"","footnotes":""},"categories":[3],"tags":[11414],"class_list":{"0":"post-34651","1":"post","2":"type-post","3":"status-publish","4":"format-standard","5":"has-post-thumbnail","7":"category-cine-y-series","8":"tag-sexta-temporada-de-glee"},"_links":{"self":[{"href":"https:\/\/www.cordobatimes.com\/showup\/wp-json\/wp\/v2\/posts\/34651","targetHints":{"allow":["GET"]}}],"collection":[{"href":"https:\/\/www.cordobatimes.com\/showup\/wp-json\/wp\/v2\/posts"}],"about":[{"href":"https:\/\/www.cordobatimes.com\/showup\/wp-json\/wp\/v2\/types\/post"}],"author":[{"embeddable":true,"href":"https:\/\/www.cordobatimes.com\/showup\/wp-json\/wp\/v2\/users\/9"}],"replies":[{"embeddable":true,"href":"https:\/\/www.cordobatimes.com\/showup\/wp-json\/wp\/v2\/comments?post=34651"}],"version-history":[{"count":0,"href":"https:\/\/www.cordobatimes.com\/showup\/wp-json\/wp\/v2\/posts\/34651\/revisions"}],"wp:featuredmedia":[{"embeddable":true,"href":"https:\/\/www.cordobatimes.com\/showup\/wp-json\/wp\/v2\/media\/34657"}],"wp:attachment":[{"href":"https:\/\/www.cordobatimes.com\/showup\/wp-json\/wp\/v2\/media?parent=34651"}],"wp:term":[{"taxonomy":"category","embeddable":true,"href":"https:\/\/www.cordobatimes.com\/showup\/wp-json\/wp\/v2\/categories?post=34651"},{"taxonomy":"post_tag","embeddable":true,"href":"https:\/\/www.cordobatimes.com\/showup\/wp-json\/wp\/v2\/tags?post=34651"}],"curies":[{"name":"wp","href":"https:\/\/api.w.org\/{rel}","templated":true}]}}