{"id":34510,"date":"2014-12-19T12:44:36","date_gmt":"2014-12-19T15:44:36","guid":{"rendered":"http:\/\/cordobatimes.com\/showup\/?p=34510"},"modified":"2020-02-08T13:47:20","modified_gmt":"2020-02-08T16:47:20","slug":"es-ley-el-23-de-enero-sera-el-dia-nacional-del-musico-en-reconocimiento-al-flaco-spinetta","status":"publish","type":"post","link":"https:\/\/www.cordobatimes.com\/showup\/musica\/2014\/12\/19\/es-ley-el-23-de-enero-sera-el-dia-nacional-del-musico-en-reconocimiento-al-flaco-spinetta\/","title":{"rendered":"Es ley: el 23 de enero ser\u00e1 el D\u00eda Nacional del M\u00fasico en reconocimiento al Flaco Spinetta"},"content":{"rendered":"<h3 style=\"text-align: justify;\"><strong>La C\u00e1mara de Senadores aprob\u00f3 el proyecto que buscaba conmemorar el labor y el nacimiento de Luis Alberto Spinetta.<\/strong><\/h3>\n<p style=\"text-align: justify;\">El proyecto faculta al Poder Ejecutivo a \u00abpublicar en papel las obras musicales, autorales y compositivas m\u00e1s importantes\u00bb del l\u00edder de Almendra y Pescado Rabioso, con el fin de ser \u00abdistribuidas en las instituciones que considere oportunas\u00bb.<\/p>\n<p style=\"text-align: justify;\">El proyecto hab\u00eda sido aprobado en la C\u00e1mara baja a finales de noviembre y girado inmediatamente al Senado, que lo ratific\u00f3 por unanimidad.<\/p>\n<p style=\"text-align: justify;\">\u00abEs algo en lo que los m\u00fasicos venimos trabajando, en la posibilidad de tener un d\u00eda, todos los a\u00f1os, en el cual podamos manifestar las condiciones en las cuales se desarrolla nuestra profesi\u00f3n y las necesidades a resolver\u00bb, expres\u00f3 a la agencia T\u00e9lam Diego Boris, titular del Instituto Nacional de la M\u00fasica.<\/p>\n<p style=\"text-align: justify;\">Fuente: T\u00e9lam.<\/p>\n","protected":false},"excerpt":{"rendered":"<p>La C\u00e1mara de Senadores aprob\u00f3 el proyecto que buscaba conmemorar el labor y el nacimiento de Luis Alberto Spinetta. El proyecto faculta al Poder Ejecutivo a \u00abpublicar en papel las obras musicales, autorales y compositivas m\u00e1s importantes\u00bb del l\u00edder de Almendra y Pescado Rabioso, con el fin de ser \u00abdistribuidas en las instituciones que considere [&hellip;]<\/p>\n","protected":false},"author":9,"featured_media":34518,"comment_status":"closed","ping_status":"closed","sticky":false,"template":"","format":"standard","meta":{"_seopress_robots_primary_cat":"","_seopress_titles_title":"","_seopress_titles_desc":"","_seopress_robots_index":"","footnotes":""},"categories":[5],"tags":[11344,29501],"class_list":{"0":"post-34510","1":"post","2":"type-post","3":"status-publish","4":"format-standard","5":"has-post-thumbnail","7":"category-musica","8":"tag-dia-nacional-de-la-musica","9":"tag-dia-nacional-del-musico-luis-alberto-spinetta"},"_links":{"self":[{"href":"https:\/\/www.cordobatimes.com\/showup\/wp-json\/wp\/v2\/posts\/34510","targetHints":{"allow":["GET"]}}],"collection":[{"href":"https:\/\/www.cordobatimes.com\/showup\/wp-json\/wp\/v2\/posts"}],"about":[{"href":"https:\/\/www.cordobatimes.com\/showup\/wp-json\/wp\/v2\/types\/post"}],"author":[{"embeddable":true,"href":"https:\/\/www.cordobatimes.com\/showup\/wp-json\/wp\/v2\/users\/9"}],"replies":[{"embeddable":true,"href":"https:\/\/www.cordobatimes.com\/showup\/wp-json\/wp\/v2\/comments?post=34510"}],"version-history":[{"count":0,"href":"https:\/\/www.cordobatimes.com\/showup\/wp-json\/wp\/v2\/posts\/34510\/revisions"}],"wp:featuredmedia":[{"embeddable":true,"href":"https:\/\/www.cordobatimes.com\/showup\/wp-json\/wp\/v2\/media\/34518"}],"wp:attachment":[{"href":"https:\/\/www.cordobatimes.com\/showup\/wp-json\/wp\/v2\/media?parent=34510"}],"wp:term":[{"taxonomy":"category","embeddable":true,"href":"https:\/\/www.cordobatimes.com\/showup\/wp-json\/wp\/v2\/categories?post=34510"},{"taxonomy":"post_tag","embeddable":true,"href":"https:\/\/www.cordobatimes.com\/showup\/wp-json\/wp\/v2\/tags?post=34510"}],"curies":[{"name":"wp","href":"https:\/\/api.w.org\/{rel}","templated":true}]}}