{"id":34484,"date":"2014-12-18T15:56:44","date_gmt":"2014-12-18T18:56:44","guid":{"rendered":"http:\/\/cordobatimes.com\/showup\/?p=34484"},"modified":"2020-02-08T19:30:34","modified_gmt":"2020-02-08T22:30:34","slug":"emanuel-ortega-lanzo-el-clip-de-caminando-en-mis-zapatos","status":"publish","type":"post","link":"https:\/\/www.cordobatimes.com\/showup\/musica\/2014\/12\/18\/emanuel-ortega-lanzo-el-clip-de-caminando-en-mis-zapatos\/","title":{"rendered":"Emanuel Ortega lanz\u00f3 el clip de \u00abCaminando en mis zapatos\u00bb (Video)"},"content":{"rendered":"<h3 style=\"text-align: justify;\"><strong>El tema se encuentra dentro de \u00abMomentos\u00bb, el nuevo disco del reconocido y querido cantante. <\/strong><\/h3>\n<p style=\"text-align: justify;\">Este nuevo \u00e1lbum es una compilaci\u00f3n de 10 temas, ocho versiones totalmente nuevas de algunos de sus \u00e9xitos desde sus inicios, y dos canciones in\u00e9ditas, las cuales reflejan su refrescado momento compositivo y musical.<\/p>\n<p style=\"text-align: justify;\">Hace tiempo que EMANUEL buscaba mostrar estas canciones en nuevas versiones. Versiones que estaban acompa\u00f1adas por su evoluci\u00f3n y su transformaci\u00f3n art\u00edstica, volver a brindarle a su p\u00fablico algunos de los temas que populariz\u00f3 a lo largo de su carrera.<\/p>\n<p style=\"text-align: justify;\">Este proyecto sedujo a EMANUEL desde un primer momento. El desaf\u00edo personal estaba planteado, y era volver a toparse con estas canciones dentro de un estudio de grabaci\u00f3n.<\/p>\n<p style=\"text-align: justify;\">Incluyen este \u00e1lbum dos temas nuevos e in\u00e9ditos: \u201cCaminando en mis zapatos\u201d y \u201cAyer te vi\u201d, que representan el momento actual de composici\u00f3n y creaci\u00f3n de EMANUEL en sinton\u00eda perfecta con las viejas\/nuevas canciones que conforman este \u00e1lbum.<\/p>\n<p style=\"text-align: justify;\">No te pierdas el video.<\/p>\n<p><iframe loading=\"lazy\" src=\"\/\/www.youtube.com\/embed\/TCXqtpGqTYg\" width=\"560\" height=\"315\" frameborder=\"0\" allowfullscreen=\"allowfullscreen\"><\/iframe><\/p>\n","protected":false},"excerpt":{"rendered":"<p>El tema se encuentra dentro de \u00abMomentos\u00bb, el nuevo disco del reconocido y querido cantante. Este nuevo \u00e1lbum es una compilaci\u00f3n de 10 temas, ocho versiones totalmente nuevas de algunos de sus \u00e9xitos desde sus inicios, y dos canciones in\u00e9ditas, las cuales reflejan su refrescado momento compositivo y musical. Hace tiempo que EMANUEL buscaba mostrar [&hellip;]<\/p>\n","protected":false},"author":9,"featured_media":34486,"comment_status":"closed","ping_status":"closed","sticky":false,"template":"","format":"standard","meta":{"_seopress_robots_primary_cat":"","_seopress_titles_title":"","_seopress_titles_desc":"","_seopress_robots_index":"","footnotes":""},"categories":[5],"tags":[29503],"class_list":{"0":"post-34484","1":"post","2":"type-post","3":"status-publish","4":"format-standard","5":"has-post-thumbnail","7":"category-musica","8":"tag-emanuel-ortega-caminando-en-mis-zapatos"},"_links":{"self":[{"href":"https:\/\/www.cordobatimes.com\/showup\/wp-json\/wp\/v2\/posts\/34484","targetHints":{"allow":["GET"]}}],"collection":[{"href":"https:\/\/www.cordobatimes.com\/showup\/wp-json\/wp\/v2\/posts"}],"about":[{"href":"https:\/\/www.cordobatimes.com\/showup\/wp-json\/wp\/v2\/types\/post"}],"author":[{"embeddable":true,"href":"https:\/\/www.cordobatimes.com\/showup\/wp-json\/wp\/v2\/users\/9"}],"replies":[{"embeddable":true,"href":"https:\/\/www.cordobatimes.com\/showup\/wp-json\/wp\/v2\/comments?post=34484"}],"version-history":[{"count":0,"href":"https:\/\/www.cordobatimes.com\/showup\/wp-json\/wp\/v2\/posts\/34484\/revisions"}],"wp:featuredmedia":[{"embeddable":true,"href":"https:\/\/www.cordobatimes.com\/showup\/wp-json\/wp\/v2\/media\/34486"}],"wp:attachment":[{"href":"https:\/\/www.cordobatimes.com\/showup\/wp-json\/wp\/v2\/media?parent=34484"}],"wp:term":[{"taxonomy":"category","embeddable":true,"href":"https:\/\/www.cordobatimes.com\/showup\/wp-json\/wp\/v2\/categories?post=34484"},{"taxonomy":"post_tag","embeddable":true,"href":"https:\/\/www.cordobatimes.com\/showup\/wp-json\/wp\/v2\/tags?post=34484"}],"curies":[{"name":"wp","href":"https:\/\/api.w.org\/{rel}","templated":true}]}}