{"id":34457,"date":"2014-12-18T12:58:24","date_gmt":"2014-12-18T15:58:24","guid":{"rendered":"http:\/\/cordobatimes.com\/showup\/?p=34457"},"modified":"2020-02-08T19:44:00","modified_gmt":"2020-02-08T22:44:00","slug":"la-negra-elizabeth-vernaci-regresa-a-la-radio","status":"publish","type":"post","link":"https:\/\/www.cordobatimes.com\/showup\/famosos\/2014\/12\/18\/la-negra-elizabeth-vernaci-regresa-a-la-radio\/","title":{"rendered":"\u00abLa Negra\u00bb Elizabeth Vernaci regresa a la radio"},"content":{"rendered":"<h3 style=\"text-align: justify;\"><strong>El a\u00f1o que est\u00e1 por comenzar har\u00e1 volver a la conductora al medio de la mano de Endemol. <\/strong><\/h3>\n<p style=\"text-align: justify;\">\u00abLa Negra\u00bb ser\u00e1 una de las figuras para la emisora que acaba de adquirir la productora de Mart\u00edn Kweller, FM 89.9 (Radio City), que renovar\u00e1 su programaci\u00f3n a partir de mediados de marzo, y pasar\u00e1 a llamarse \u00abRadio con Vos\u00bb.<\/p>\n<p style=\"text-align: justify;\">Seg\u00fan informa La Pavada de Cr\u00f3nica, adem\u00e1s de Vernaci, que tendr\u00e1 el horario de 10 a 14, formar\u00e1n parte del staff Alejandro \u201cMarley\u201d Wiebe de 14 a 17, Diego Korol (que ir\u00eda de 17 a 18), est\u00e1 en \u201cveremos\u201d Jey Mammon (que tendr\u00eda a su cargo la primera ma\u00f1ana) y Mariano I\u00fadica, de 18 a 21.<\/p>\n<p style=\"text-align: justify;\">Endemol tambi\u00e9n tent\u00f3 a Andy Kusnetzoff, pero el conductor prefiri\u00f3 quedarse en La Metro.<\/p>\n<p style=\"text-align: justify;\">Recordemos que Vernaci no hizo radio en este 2014, luego de que no le renovaran su contrato en la Rock &amp; Pop, a fines de 2013.<\/p>\n","protected":false},"excerpt":{"rendered":"<p>El a\u00f1o que est\u00e1 por comenzar har\u00e1 volver a la conductora al medio de la mano de Endemol. \u00abLa Negra\u00bb ser\u00e1 una de las figuras para la emisora que acaba de adquirir la productora de Mart\u00edn Kweller, FM 89.9 (Radio City), que renovar\u00e1 su programaci\u00f3n a partir de mediados de marzo, y pasar\u00e1 a llamarse [&hellip;]<\/p>\n","protected":false},"author":9,"featured_media":34475,"comment_status":"closed","ping_status":"closed","sticky":false,"template":"","format":"standard","meta":{"_seopress_robots_primary_cat":"","_seopress_titles_title":"","_seopress_titles_desc":"","_seopress_robots_index":"","footnotes":""},"categories":[4],"tags":[29504],"class_list":{"0":"post-34457","1":"post","2":"type-post","3":"status-publish","4":"format-standard","5":"has-post-thumbnail","7":"category-famosos","8":"tag-la-negra-vernaci-regresa-a-la-radio"},"_links":{"self":[{"href":"https:\/\/www.cordobatimes.com\/showup\/wp-json\/wp\/v2\/posts\/34457","targetHints":{"allow":["GET"]}}],"collection":[{"href":"https:\/\/www.cordobatimes.com\/showup\/wp-json\/wp\/v2\/posts"}],"about":[{"href":"https:\/\/www.cordobatimes.com\/showup\/wp-json\/wp\/v2\/types\/post"}],"author":[{"embeddable":true,"href":"https:\/\/www.cordobatimes.com\/showup\/wp-json\/wp\/v2\/users\/9"}],"replies":[{"embeddable":true,"href":"https:\/\/www.cordobatimes.com\/showup\/wp-json\/wp\/v2\/comments?post=34457"}],"version-history":[{"count":0,"href":"https:\/\/www.cordobatimes.com\/showup\/wp-json\/wp\/v2\/posts\/34457\/revisions"}],"wp:featuredmedia":[{"embeddable":true,"href":"https:\/\/www.cordobatimes.com\/showup\/wp-json\/wp\/v2\/media\/34475"}],"wp:attachment":[{"href":"https:\/\/www.cordobatimes.com\/showup\/wp-json\/wp\/v2\/media?parent=34457"}],"wp:term":[{"taxonomy":"category","embeddable":true,"href":"https:\/\/www.cordobatimes.com\/showup\/wp-json\/wp\/v2\/categories?post=34457"},{"taxonomy":"post_tag","embeddable":true,"href":"https:\/\/www.cordobatimes.com\/showup\/wp-json\/wp\/v2\/tags?post=34457"}],"curies":[{"name":"wp","href":"https:\/\/api.w.org\/{rel}","templated":true}]}}