{"id":34336,"date":"2014-12-18T16:27:51","date_gmt":"2014-12-18T19:27:51","guid":{"rendered":"http:\/\/cordobatimes.com\/showup\/?p=34336"},"modified":"2020-02-08T19:29:42","modified_gmt":"2020-02-08T22:29:42","slug":"cantante-con-protesis-en-su-pierna-es-furor-en-las-redes-video","status":"publish","type":"post","link":"https:\/\/www.cordobatimes.com\/showup\/curiosidades\/2014\/12\/18\/cantante-con-protesis-en-su-pierna-es-furor-en-las-redes-video\/","title":{"rendered":"Cantante con pr\u00f3tesis en su pierna es furor en las redes (Video)"},"content":{"rendered":"<h3 style=\"text-align: justify;\"><strong>Viktoria Modesta es una artista pop que est\u00e1 causando un verdadero \u00e9xito en la web.<\/strong><\/h3>\n<p style=\"text-align: justify;\">La joven no s\u00f3lo se destaca con su voz sino tambi\u00e9n por su apariencia ya que tiene una pr\u00f3tesis en su pierna.<\/p>\n<p style=\"text-align: justify;\">En muchos videos, la artista aparece con un elemento diferente en lugar de una pr\u00f3tesis convencional.<\/p>\n<p style=\"text-align: justify;\">\u00abPor mucho tiempo, la cultura pop me cerr\u00f3 las puertas como una artista amputada y alternativa. Creo que a la gente siempre le ha costado saber qu\u00e9 pensar o sentir sobre un amputado que no trata de ser un atleta ol\u00edmpico. En el deporte, sobrepasar la minusval\u00eda te hace un h\u00e9roe, pero en el pop no hay lugar a estos sentimientos\u00bb, asegur\u00f3 en una entrevista con \u00abThe Guardian\u00bb.<\/p>\n<p style=\"text-align: justify;\">A los 20 a\u00f1os de edad tom\u00f3 la decisi\u00f3n radical de someterse a una amputaci\u00f3n por debajo de la rodilla izquierda para facilitar su movilidad, despu\u00e9s de una lesi\u00f3n durante el nacimiento.<\/p>\n<p style=\"text-align: justify;\">Con su video Prototype, Viktoria ha conseguido m\u00e1s de 8 millones de visitas. En el mismo, la cantante luce una pr\u00f3tesis con cristales de Swarovski.<\/p>\n<p style=\"text-align: justify;\">No te lo pierdas.<\/p>\n<p><iframe loading=\"lazy\" src=\"\/\/www.youtube.com\/embed\/jA8inmHhx8c\" width=\"560\" height=\"315\" frameborder=\"0\" allowfullscreen=\"allowfullscreen\"><\/iframe><\/p>\n","protected":false},"excerpt":{"rendered":"<p>Viktoria Modesta es una artista pop que est\u00e1 causando un verdadero \u00e9xito en la web. La joven no s\u00f3lo se destaca con su voz sino tambi\u00e9n por su apariencia ya que tiene una pr\u00f3tesis en su pierna. En muchos videos, la artista aparece con un elemento diferente en lugar de una pr\u00f3tesis convencional. \u00abPor mucho [&hellip;]<\/p>\n","protected":false},"author":9,"featured_media":34492,"comment_status":"closed","ping_status":"closed","sticky":false,"template":"","format":"standard","meta":{"_seopress_robots_primary_cat":"","_seopress_titles_title":"","_seopress_titles_desc":"","_seopress_robots_index":"","footnotes":""},"categories":[8],"tags":[11339,29502],"class_list":{"0":"post-34336","1":"post","2":"type-post","3":"status-publish","4":"format-standard","5":"has-post-thumbnail","7":"category-curiosidades","8":"tag-cantan-con-protesis","9":"tag-viktoria-modesta-prototype"},"_links":{"self":[{"href":"https:\/\/www.cordobatimes.com\/showup\/wp-json\/wp\/v2\/posts\/34336","targetHints":{"allow":["GET"]}}],"collection":[{"href":"https:\/\/www.cordobatimes.com\/showup\/wp-json\/wp\/v2\/posts"}],"about":[{"href":"https:\/\/www.cordobatimes.com\/showup\/wp-json\/wp\/v2\/types\/post"}],"author":[{"embeddable":true,"href":"https:\/\/www.cordobatimes.com\/showup\/wp-json\/wp\/v2\/users\/9"}],"replies":[{"embeddable":true,"href":"https:\/\/www.cordobatimes.com\/showup\/wp-json\/wp\/v2\/comments?post=34336"}],"version-history":[{"count":0,"href":"https:\/\/www.cordobatimes.com\/showup\/wp-json\/wp\/v2\/posts\/34336\/revisions"}],"wp:featuredmedia":[{"embeddable":true,"href":"https:\/\/www.cordobatimes.com\/showup\/wp-json\/wp\/v2\/media\/34492"}],"wp:attachment":[{"href":"https:\/\/www.cordobatimes.com\/showup\/wp-json\/wp\/v2\/media?parent=34336"}],"wp:term":[{"taxonomy":"category","embeddable":true,"href":"https:\/\/www.cordobatimes.com\/showup\/wp-json\/wp\/v2\/categories?post=34336"},{"taxonomy":"post_tag","embeddable":true,"href":"https:\/\/www.cordobatimes.com\/showup\/wp-json\/wp\/v2\/tags?post=34336"}],"curies":[{"name":"wp","href":"https:\/\/api.w.org\/{rel}","templated":true}]}}