{"id":34232,"date":"2014-12-14T14:52:51","date_gmt":"2014-12-14T17:52:51","guid":{"rendered":"http:\/\/cordobatimes.com\/showup\/?p=34232"},"modified":"2020-02-09T10:35:24","modified_gmt":"2020-02-09T13:35:24","slug":"joaquin-sabina-tuvo-que-suspender-un-show-por-un-ataque-de-panico-escenico","status":"publish","type":"post","link":"https:\/\/www.cordobatimes.com\/showup\/famosos\/2014\/12\/14\/joaquin-sabina-tuvo-que-suspender-un-show-por-un-ataque-de-panico-escenico\/","title":{"rendered":"Joaqu\u00edn Sabina tuvo que suspender un show por un ataque de \u00abp\u00e1nico esc\u00e9nico\u00bb"},"content":{"rendered":"<h3 style=\"text-align: justify;\"><strong>El cantante espa\u00f1ol\u00a0se vio obligado a terminar abruptamente el concierto que brindaba en Madrid debido al s\u00edndrome \u00a0que sufri\u00f3 poco antes de subir al escenario y cuando ya estaba frente al p\u00fablico.<\/strong><\/h3>\n<p style=\"text-align: justify;\">Hab\u00edan pasado cinco a\u00f1os desde que Sabina no se encontraba en solitario con su expectante p\u00fablico de Madrid, que agot\u00f3 en una hora las m\u00e1s de 10.000 entradas disponibles para celebrar el aniversario de uno de sus discos m\u00e1s exitosos, \u00ab19 d\u00edas y 500 noches\u00bb.<\/p>\n<p style=\"text-align: justify;\">\u00abHoy, por exceso de ganas de estar bien delante de mi gente de Madrid, me acaba de pasar -llegando a cosas feas- un Pastora Soler\u00bb, expres\u00f3 Sabina, en alusi\u00f3n a los \u00abvah\u00eddos por p\u00e1nico esc\u00e9nico\u00bb que recientemente llevaron a la cantante sevillana a retirarse temporalmente de la m\u00fasica.<\/p>\n<p style=\"text-align: justify;\">Lo advert\u00eda al inicio de la velada, con el p\u00fablico en pie para recibirlo con respeto reverencial. \u00abA m\u00ed Madrid me rejuvenece. Lo digo por los nervios que he pasado antes de juntarme con ustedes\u00bb, comentaba tras abrir fuego con \u00abAhora qu\u00e9\u00bb y, en homenaje a la ciudad, \u00abMe bajo en Atocha\u00bb.<\/p>\n<p style=\"text-align: justify;\">Parece que la presi\u00f3n le jug\u00f3 una mala pasada al m\u00fasico, que no dio muestras expl\u00edcitas de fatiga y que presum\u00eda de hecho de un buen estado de \u00e1nimo hasta que, tras un receso en el que sus m\u00fasicos tomaron el relevo, regres\u00f3 al escenario y comparti\u00f3 lo sucedido.<\/p>\n<p style=\"text-align: justify;\">Seg\u00fan publica el peri\u00f3dico La Vanguardia de Barcelona, Sabina subray\u00f3: \u00abLo lamento mucho\u00bb, visiblemente emocionado ante la reacci\u00f3n de la sala el Barclaycard Center (antiguo Palacio de Deportes de Madrid), que volvi\u00f3 a ponerse en pie para mostrarle su apoyo.<\/p>\n<p style=\"text-align: justify;\">Sabina intent\u00f3 entonces reemprender el concierto y lleg\u00f3 a cumplimentar el bloque principal, con el cl\u00e1sico \u00abCerrado por derribo\u00bb, que inici\u00f3 \u00e9l solo a la guitarra, al que le siguieron \u00abPero qu\u00e9 hermosas eran\u00bb, \u00abDe pur\u00edsima y oro\u00bb, \u00abM\u00e1s de cien mentiras\u00bb y las festivas \u00abNoches de boda\u00bb e \u00abY nos dieron las diez\u00bb.<\/p>\n<p style=\"text-align: justify;\">\u00abLo siento mucho, pero realmente no me encuentro muy bien\u00bb, se disculp\u00f3, anticipando el final del concierto tras dos horas de m\u00fasica, media hora antes de lo que estaba estipulado, y sin acometer \u00e9xitos como \u00abPrincesa\u00bb, \u00abContigo\u00bb o \u00abLa canci\u00f3n de los (buenos) borrachos\u00bb. A pesar de ello, pr\u00e1cticamente nadie en el pabell\u00f3n le recrimin\u00f3 este abrupto cierre, y eso que la expectaci\u00f3n ante el concierto hab\u00eda empujado la reventa de las entradas hasta los 150 euros.<\/p>\n<p style=\"text-align: justify;\">Ni la organizaci\u00f3n del concierto ni la representaci\u00f3n del artista han ofrecido de momento m\u00e1s informaci\u00f3n sobre el estado de salud de Sabina, que el pr\u00f3ximo 16 de diciembre debe regresar de nuevo a este recinto para ofrecer otro concierto con el aforo completo y que tiene pendientes dos \u00abshows\u00bb m\u00e1s en Barcelona este mismo mes.<\/p>\n<p style=\"text-align: justify;\">Al menos cumpli\u00f3 con el prop\u00f3sito inicial, el de celebrar los 15 a\u00f1os de la publicaci\u00f3n de \u00ab19 d\u00edas y 500 noches\u00bb, con una gira en la que ha desgranado este disco canci\u00f3n por canci\u00f3n y que surgi\u00f3 como un \u00abregalo\u00bb al p\u00fablico de Latinoam\u00e9rica, donde ha actuado con normalidad en pa\u00edses como Argentina, Uruguay y Chile.<\/p>\n<p style=\"text-align: justify;\">\n","protected":false},"excerpt":{"rendered":"<p>El cantante espa\u00f1ol\u00a0se vio obligado a terminar abruptamente el concierto que brindaba en Madrid debido al s\u00edndrome \u00a0que sufri\u00f3 poco antes de subir al escenario y cuando ya estaba frente al p\u00fablico. Hab\u00edan pasado cinco a\u00f1os desde que Sabina no se encontraba en solitario con su expectante p\u00fablico de Madrid, que agot\u00f3 en una hora [&hellip;]<\/p>\n","protected":false},"author":9,"featured_media":34233,"comment_status":"closed","ping_status":"closed","sticky":false,"template":"","format":"standard","meta":{"_seopress_robots_primary_cat":"","_seopress_titles_title":"","_seopress_titles_desc":"","_seopress_robots_index":"","footnotes":""},"categories":[4],"tags":[29518],"class_list":{"0":"post-34232","1":"post","2":"type-post","3":"status-publish","4":"format-standard","5":"has-post-thumbnail","7":"category-famosos","8":"tag-ataque-de-panico-escenico-de-joaquin-sabina"},"_links":{"self":[{"href":"https:\/\/www.cordobatimes.com\/showup\/wp-json\/wp\/v2\/posts\/34232","targetHints":{"allow":["GET"]}}],"collection":[{"href":"https:\/\/www.cordobatimes.com\/showup\/wp-json\/wp\/v2\/posts"}],"about":[{"href":"https:\/\/www.cordobatimes.com\/showup\/wp-json\/wp\/v2\/types\/post"}],"author":[{"embeddable":true,"href":"https:\/\/www.cordobatimes.com\/showup\/wp-json\/wp\/v2\/users\/9"}],"replies":[{"embeddable":true,"href":"https:\/\/www.cordobatimes.com\/showup\/wp-json\/wp\/v2\/comments?post=34232"}],"version-history":[{"count":0,"href":"https:\/\/www.cordobatimes.com\/showup\/wp-json\/wp\/v2\/posts\/34232\/revisions"}],"wp:featuredmedia":[{"embeddable":true,"href":"https:\/\/www.cordobatimes.com\/showup\/wp-json\/wp\/v2\/media\/34233"}],"wp:attachment":[{"href":"https:\/\/www.cordobatimes.com\/showup\/wp-json\/wp\/v2\/media?parent=34232"}],"wp:term":[{"taxonomy":"category","embeddable":true,"href":"https:\/\/www.cordobatimes.com\/showup\/wp-json\/wp\/v2\/categories?post=34232"},{"taxonomy":"post_tag","embeddable":true,"href":"https:\/\/www.cordobatimes.com\/showup\/wp-json\/wp\/v2\/tags?post=34232"}],"curies":[{"name":"wp","href":"https:\/\/api.w.org\/{rel}","templated":true}]}}