{"id":34047,"date":"2014-12-10T14:17:21","date_gmt":"2014-12-10T17:17:21","guid":{"rendered":"http:\/\/cordobatimes.com\/showup\/?p=34047"},"modified":"2020-02-09T13:27:21","modified_gmt":"2020-02-09T16:27:21","slug":"katy-perry-se-animo-y-se-cambio-el-look-de-nuevo-foto","status":"publish","type":"post","link":"https:\/\/www.cordobatimes.com\/showup\/famosos\/2014\/12\/10\/katy-perry-se-animo-y-se-cambio-el-look-de-nuevo-foto\/","title":{"rendered":"Katy Perry se anim\u00f3 y se cambi\u00f3 el look, de nuevo (Foto)"},"content":{"rendered":"<h3 style=\"text-align: justify;\"><strong>La cantante sorprendi\u00f3 nuevamente al mostrar su cabello de otro color.<\/strong><\/h3>\n<p style=\"text-align: justify;\">La artista pudo ser vista con algunos mechones de color fucsia en una visita que hizo a una galer\u00eda de arte en Australia.<\/p>\n<p style=\"text-align: justify;\">Adem\u00e1s, Katy subi\u00f3 una imagen a su propia cuenta de Instagram, en la que recibi\u00f3 miles de \u00ablikes\u00bb y numerosos comentarios por su nueva apariencia.<\/p>\n<p style=\"text-align: justify;\">A vos, \u00bfte gusta este cambio?<\/p>\n<p style=\"text-align: justify;\"><a href=\"http:\/\/cordobatimes.com\/showup\/wp-content\/uploads\/2014\/12\/11111.jpg\"><img loading=\"lazy\" decoding=\"async\" class=\"alignnone wp-image-34053\" src=\"http:\/\/cordobatimes.com\/showup\/wp-content\/uploads\/2014\/12\/11111.jpg\" alt=\"11111\" width=\"600\" height=\"600\" data-id=\"34053\" srcset=\"https:\/\/www.cordobatimes.com\/showup\/wp-content\/uploads\/2014\/12\/11111.jpg 500w, https:\/\/www.cordobatimes.com\/showup\/wp-content\/uploads\/2014\/12\/11111-150x150.jpg 150w, https:\/\/www.cordobatimes.com\/showup\/wp-content\/uploads\/2014\/12\/11111-300x300.jpg 300w\" sizes=\"auto, (max-width: 600px) 100vw, 600px\" \/><\/a><\/p>\n<p style=\"text-align: justify;\">\n","protected":false},"excerpt":{"rendered":"<p>La cantante sorprendi\u00f3 nuevamente al mostrar su cabello de otro color. La artista pudo ser vista con algunos mechones de color fucsia en una visita que hizo a una galer\u00eda de arte en Australia. Adem\u00e1s, Katy subi\u00f3 una imagen a su propia cuenta de Instagram, en la que recibi\u00f3 miles de \u00ablikes\u00bb y numerosos comentarios [&hellip;]<\/p>\n","protected":false},"author":9,"featured_media":34054,"comment_status":"closed","ping_status":"closed","sticky":false,"template":"","format":"standard","meta":{"_seopress_robots_primary_cat":"","_seopress_titles_title":"","_seopress_titles_desc":"","_seopress_robots_index":"","footnotes":""},"categories":[4],"tags":[29528],"class_list":{"0":"post-34047","1":"post","2":"type-post","3":"status-publish","4":"format-standard","5":"has-post-thumbnail","7":"category-famosos","8":"tag-cambio-de-look-de-katy-perry"},"_links":{"self":[{"href":"https:\/\/www.cordobatimes.com\/showup\/wp-json\/wp\/v2\/posts\/34047","targetHints":{"allow":["GET"]}}],"collection":[{"href":"https:\/\/www.cordobatimes.com\/showup\/wp-json\/wp\/v2\/posts"}],"about":[{"href":"https:\/\/www.cordobatimes.com\/showup\/wp-json\/wp\/v2\/types\/post"}],"author":[{"embeddable":true,"href":"https:\/\/www.cordobatimes.com\/showup\/wp-json\/wp\/v2\/users\/9"}],"replies":[{"embeddable":true,"href":"https:\/\/www.cordobatimes.com\/showup\/wp-json\/wp\/v2\/comments?post=34047"}],"version-history":[{"count":0,"href":"https:\/\/www.cordobatimes.com\/showup\/wp-json\/wp\/v2\/posts\/34047\/revisions"}],"wp:featuredmedia":[{"embeddable":true,"href":"https:\/\/www.cordobatimes.com\/showup\/wp-json\/wp\/v2\/media\/34054"}],"wp:attachment":[{"href":"https:\/\/www.cordobatimes.com\/showup\/wp-json\/wp\/v2\/media?parent=34047"}],"wp:term":[{"taxonomy":"category","embeddable":true,"href":"https:\/\/www.cordobatimes.com\/showup\/wp-json\/wp\/v2\/categories?post=34047"},{"taxonomy":"post_tag","embeddable":true,"href":"https:\/\/www.cordobatimes.com\/showup\/wp-json\/wp\/v2\/tags?post=34047"}],"curies":[{"name":"wp","href":"https:\/\/api.w.org\/{rel}","templated":true}]}}