{"id":34033,"date":"2014-12-10T13:41:31","date_gmt":"2014-12-10T16:41:31","guid":{"rendered":"http:\/\/cordobatimes.com\/showup\/?p=34033"},"modified":"2020-02-09T13:42:04","modified_gmt":"2020-02-09T16:42:04","slug":"el-fan-de-graciela-alfano-se-hizo-fanatico-de-las-cirugias-y-quiere-ser-ricky-martin","status":"publish","type":"post","link":"https:\/\/www.cordobatimes.com\/showup\/famosos\/2014\/12\/10\/el-fan-de-graciela-alfano-se-hizo-fanatico-de-las-cirugias-y-quiere-ser-ricky-martin\/","title":{"rendered":"El fan de Graciela Alfano se hizo fan\u00e1tico de las cirug\u00edas y quiere ser Ricky Martin"},"content":{"rendered":"<h3 style=\"text-align: justify;\"><strong>Despu\u00e9s de bajar decenas de kilos, el medi\u00e1tico admiti\u00f3 que le encanta pasar por el quir\u00f3fano y que no puede parar.\u00a0<\/strong><\/h3>\n<p style=\"text-align: justify;\">\u00abMe dicen que me parezco mucho a Ricky Martin\u00bb, hab\u00eda confesado el ex participante de \u00abCuesti\u00f3n de peso\u00bb, Fran Mariano, \u00a0luego de someterse a una intervenci\u00f3n quir\u00fargica en la nariz para \u00abser id\u00e9ntico al cantante latino\u00bb.<\/p>\n<p style=\"text-align: justify;\">\u00abMe volv\u00ed a operar la nariz por cuarta vez, liposucci\u00f3n en cachetes y con esa misma grasa se me practic\u00f3 una lipotransferencia en los p\u00f3mulos. Despu\u00e9s me despegu\u00e9 el surco nasogeneano de la cara y me lo rellenaron con metacrilato, al igual que en la frente. Adem\u00e1s me hice un retoque en el ment\u00f3n por tercera vez, por una mala cicatrizaci\u00f3n\u00bb, detall\u00f3 en DiarioShow.<\/p>\n<p style=\"text-align: justify;\">Este martes estuvo en Zapping donde confes\u00f3 su adicci\u00f3n a las cirug\u00edas, tras someterse a 14 intervenciones en su cuerpo, y su consternaci\u00f3n por no poder superar el bajo autoestima y la soledad. \u00abNecesito alguien que me ame\u00bb, expres\u00f3 el medi\u00e1tico.<\/p>\n<p style=\"text-align: justify;\">A vos, \u00bfqu\u00e9 te parece?<\/p>\n<h3 style=\"text-align: justify;\"><a href=\"http:\/\/cordobatimes.com\/showup\/wp-content\/uploads\/2014\/12\/27.jpg\"><img loading=\"lazy\" decoding=\"async\" class=\"alignnone wp-image-34034\" src=\"http:\/\/cordobatimes.com\/showup\/wp-content\/uploads\/2014\/12\/27.jpg\" alt=\"2\" width=\"600\" height=\"400\" data-id=\"34034\" \/><\/a><\/h3>\n<p style=\"text-align: justify;\"><a href=\"http:\/\/cordobatimes.com\/showup\/wp-content\/uploads\/2014\/12\/16.jpg\"><img loading=\"lazy\" decoding=\"async\" class=\"alignnone wp-image-34035\" src=\"http:\/\/cordobatimes.com\/showup\/wp-content\/uploads\/2014\/12\/16.jpg\" alt=\"1\" width=\"600\" height=\"400\" data-id=\"34035\" \/><\/a><\/p>\n","protected":false},"excerpt":{"rendered":"<p>Despu\u00e9s de bajar decenas de kilos, el medi\u00e1tico admiti\u00f3 que le encanta pasar por el quir\u00f3fano y que no puede parar.\u00a0 \u00abMe dicen que me parezco mucho a Ricky Martin\u00bb, hab\u00eda confesado el ex participante de \u00abCuesti\u00f3n de peso\u00bb, Fran Mariano, \u00a0luego de someterse a una intervenci\u00f3n quir\u00fargica en la nariz para \u00abser id\u00e9ntico al [&hellip;]<\/p>\n","protected":false},"author":9,"featured_media":34036,"comment_status":"closed","ping_status":"closed","sticky":false,"template":"","format":"standard","meta":{"_seopress_robots_primary_cat":"","_seopress_titles_title":"","_seopress_titles_desc":"","_seopress_robots_index":"","footnotes":""},"categories":[4],"tags":[29529,29530],"class_list":{"0":"post-34033","1":"post","2":"type-post","3":"status-publish","4":"format-standard","5":"has-post-thumbnail","7":"category-famosos","8":"tag-fan-de-graciela-alfano-se-hizo-fanatico-de-las-cirugias","9":"tag-fran-mariano-fan-de-graciela-alfano"},"_links":{"self":[{"href":"https:\/\/www.cordobatimes.com\/showup\/wp-json\/wp\/v2\/posts\/34033","targetHints":{"allow":["GET"]}}],"collection":[{"href":"https:\/\/www.cordobatimes.com\/showup\/wp-json\/wp\/v2\/posts"}],"about":[{"href":"https:\/\/www.cordobatimes.com\/showup\/wp-json\/wp\/v2\/types\/post"}],"author":[{"embeddable":true,"href":"https:\/\/www.cordobatimes.com\/showup\/wp-json\/wp\/v2\/users\/9"}],"replies":[{"embeddable":true,"href":"https:\/\/www.cordobatimes.com\/showup\/wp-json\/wp\/v2\/comments?post=34033"}],"version-history":[{"count":0,"href":"https:\/\/www.cordobatimes.com\/showup\/wp-json\/wp\/v2\/posts\/34033\/revisions"}],"wp:featuredmedia":[{"embeddable":true,"href":"https:\/\/www.cordobatimes.com\/showup\/wp-json\/wp\/v2\/media\/34036"}],"wp:attachment":[{"href":"https:\/\/www.cordobatimes.com\/showup\/wp-json\/wp\/v2\/media?parent=34033"}],"wp:term":[{"taxonomy":"category","embeddable":true,"href":"https:\/\/www.cordobatimes.com\/showup\/wp-json\/wp\/v2\/categories?post=34033"},{"taxonomy":"post_tag","embeddable":true,"href":"https:\/\/www.cordobatimes.com\/showup\/wp-json\/wp\/v2\/tags?post=34033"}],"curies":[{"name":"wp","href":"https:\/\/api.w.org\/{rel}","templated":true}]}}