{"id":34004,"date":"2014-12-10T10:23:41","date_gmt":"2014-12-10T13:23:41","guid":{"rendered":"http:\/\/cordobatimes.com\/showup\/?p=34004"},"modified":"2020-02-09T13:31:19","modified_gmt":"2020-02-09T16:31:19","slug":"menu-de-miercoles-ensalada-de-pollo","status":"publish","type":"post","link":"https:\/\/www.cordobatimes.com\/showup\/cocina\/2014\/12\/10\/menu-de-miercoles-ensalada-de-pollo\/","title":{"rendered":"Ensalada de pollo"},"content":{"rendered":"<p><span style=\"text-decoration: underline;\"><strong>Ingredientes<\/strong><\/span> (para cuatro personas):<\/p>\n<p>&#8211; 1 manzana<\/p>\n<p>-1 pu\u00f1ado de pasas<\/p>\n<p>&#8211; 1\/2 pepino<\/p>\n<p>&#8211; 1\/2 pollo asado fr\u00edo<\/p>\n<p>&#8211; 125 gramos de queso manchego semicurado<\/p>\n<p>&#8211; 4 tomates<\/p>\n<p>&#8211; el jugo de medio lim\u00f3n<\/p>\n<p>Salsa:<\/p>\n<p>&#8211; 1 cucharada sopera de aceite<\/p>\n<p>&#8211; 2 cucharadas (de las de postre) de ketchup<\/p>\n<p>&#8211; 1 cucharada sopera rasa de mostaza<\/p>\n<p>&#8211; sal y pimienta<\/p>\n<p>&#8211; 1 yogur natural<\/p>\n<p><span style=\"text-decoration: underline;\"><strong>Preparaci\u00f3n:<\/strong><\/span><\/p>\n<p>Pela el pepino, qu\u00edtale las simientes y c\u00f3rtalo en peque\u00f1os dados. De la misma forma pela tambi\u00e9n la manzana y, tras rociarla con jugo de lim\u00f3n c\u00f3rtala en cuadraditos. Trocea el queso tambi\u00e9n en cubos, el pollo en tiras m\u00e1s o menos finas y los tomates en cuartos.<\/p>\n<p>Pon todos estos ingredientes mezclados en una ensaladera y a\u00f1ade las pasas, previamente lavadas bajo el chorro de agua templada y secadas despu\u00e9s con un pa\u00f1o.<\/p>\n<p>Aparte, en un bol, bate todos los ingredientes de la salsa (yogur natural, mostaza, ketchup, aceite, sal y pimienta) y ali\u00f1a con ella la ensalada.<\/p>\n<p>&nbsp;<\/p>\n","protected":false},"excerpt":{"rendered":"<p>Ingredientes (para cuatro personas): &#8211; 1 manzana -1 pu\u00f1ado de pasas &#8211; 1\/2 pepino &#8211; 1\/2 pollo asado fr\u00edo &#8211; 125 gramos de queso manchego semicurado &#8211; 4 tomates &#8211; el jugo de medio lim\u00f3n Salsa: &#8211; 1 cucharada sopera de aceite &#8211; 2 cucharadas (de las de postre) de ketchup &#8211; 1 cucharada sopera [&hellip;]<\/p>\n","protected":false},"author":9,"featured_media":34005,"comment_status":"closed","ping_status":"closed","sticky":false,"template":"","format":"standard","meta":{"_seopress_robots_primary_cat":"","_seopress_titles_title":"","_seopress_titles_desc":"","_seopress_robots_index":"","footnotes":""},"categories":[1,317],"tags":[11006,8394,2452],"class_list":{"0":"post-34004","1":"post","2":"type-post","3":"status-publish","4":"format-standard","5":"has-post-thumbnail","7":"category-cocina","8":"category-recetas","9":"tag-ensaladas","10":"tag-recetas-de-pollo","11":"tag-recetas-de-verano"},"_links":{"self":[{"href":"https:\/\/www.cordobatimes.com\/showup\/wp-json\/wp\/v2\/posts\/34004","targetHints":{"allow":["GET"]}}],"collection":[{"href":"https:\/\/www.cordobatimes.com\/showup\/wp-json\/wp\/v2\/posts"}],"about":[{"href":"https:\/\/www.cordobatimes.com\/showup\/wp-json\/wp\/v2\/types\/post"}],"author":[{"embeddable":true,"href":"https:\/\/www.cordobatimes.com\/showup\/wp-json\/wp\/v2\/users\/9"}],"replies":[{"embeddable":true,"href":"https:\/\/www.cordobatimes.com\/showup\/wp-json\/wp\/v2\/comments?post=34004"}],"version-history":[{"count":0,"href":"https:\/\/www.cordobatimes.com\/showup\/wp-json\/wp\/v2\/posts\/34004\/revisions"}],"wp:featuredmedia":[{"embeddable":true,"href":"https:\/\/www.cordobatimes.com\/showup\/wp-json\/wp\/v2\/media\/34005"}],"wp:attachment":[{"href":"https:\/\/www.cordobatimes.com\/showup\/wp-json\/wp\/v2\/media?parent=34004"}],"wp:term":[{"taxonomy":"category","embeddable":true,"href":"https:\/\/www.cordobatimes.com\/showup\/wp-json\/wp\/v2\/categories?post=34004"},{"taxonomy":"post_tag","embeddable":true,"href":"https:\/\/www.cordobatimes.com\/showup\/wp-json\/wp\/v2\/tags?post=34004"}],"curies":[{"name":"wp","href":"https:\/\/api.w.org\/{rel}","templated":true}]}}