{"id":33915,"date":"2014-12-08T17:01:06","date_gmt":"2014-12-08T20:01:06","guid":{"rendered":"http:\/\/cordobatimes.com\/showup\/?p=33915"},"modified":"2020-02-09T17:22:03","modified_gmt":"2020-02-09T20:22:03","slug":"la-salud-de-cacho-recobro-los-sentidos-y-hasta-me-reconocio-dijo-su-medico","status":"publish","type":"post","link":"https:\/\/www.cordobatimes.com\/showup\/famosos\/2014\/12\/08\/la-salud-de-cacho-recobro-los-sentidos-y-hasta-me-reconocio-dijo-su-medico\/","title":{"rendered":"La salud de Cacho: \u00abrecobr\u00f3 los sentidos y hasta me reconoci\u00f3\u00bb dijo su m\u00e9dico"},"content":{"rendered":"<h3 style=\"text-align: justify;\"><strong>El Dr. Alfredo Cahe cont\u00f3 como sigue el querido artista quien contin\u00faa internado en el Sanatorio de los Arcos peleando por su vida: \u00abEst\u00e1 consciente y entiende la delicada situaci\u00f3n que atraviesa\u00bb.<\/strong><\/h3>\n<p style=\"text-align: justify;\">\u00abMe reconoci\u00f3 y le habl\u00e9. Empez\u00f3 a entender qu\u00e9 es lo que le pasa. Lo importante es que se conect\u00f3 con la realidad\u00bb, explic\u00f3 su m\u00e9dico personal a diario Muy.<\/p>\n<p style=\"text-align: justify;\">\u00abEstamos hablando de un avance importante dentro de la delicadeza de su cuadro. Cacho recobr\u00f3 los sentidos y hasta me reconoci\u00f3. Por supuesto que no puede hablar por la traqueostom\u00eda y sus complicaciones respiratorias. Pero comprendi\u00f3 a la perfecci\u00f3n lo que se le dijo. La etapa del coma farmacol\u00f3gico ya se super\u00f3 y ahora vamos por m\u00e1s. Dentro de su estado de consciencia, est\u00e1 tranquilo gracias a la ayuda de los calmantes. Comprende bien el significado de este proceso en el que est\u00e1 inmerso. No es que despert\u00f3 e intent\u00f3 desconectarse los cables\u00bb, detall\u00f3 Cahe.<\/p>\n<p style=\"text-align: justify;\">Luego de haberle realizado una traqueostom\u00eda y haberle colacado un bot\u00f3n g\u00e1strico para que pueda recuperar algo del peso que perdi\u00f3 en estos dos meses de internaci\u00f3n, Cacho logr\u00f3 superar el cuadro infeccioso.<\/p>\n","protected":false},"excerpt":{"rendered":"<p>El Dr. Alfredo Cahe cont\u00f3 como sigue el querido artista quien contin\u00faa internado en el Sanatorio de los Arcos peleando por su vida: \u00abEst\u00e1 consciente y entiende la delicada situaci\u00f3n que atraviesa\u00bb. \u00abMe reconoci\u00f3 y le habl\u00e9. Empez\u00f3 a entender qu\u00e9 es lo que le pasa. Lo importante es que se conect\u00f3 con la realidad\u00bb, [&hellip;]<\/p>\n","protected":false},"author":9,"featured_media":33916,"comment_status":"closed","ping_status":"closed","sticky":false,"template":"","format":"standard","meta":{"_seopress_robots_primary_cat":"","_seopress_titles_title":"","_seopress_titles_desc":"","_seopress_robots_index":"","footnotes":""},"categories":[4],"tags":[9320],"class_list":{"0":"post-33915","1":"post","2":"type-post","3":"status-publish","4":"format-standard","5":"has-post-thumbnail","7":"category-famosos","8":"tag-estado-de-salud-de-cacho-castana"},"_links":{"self":[{"href":"https:\/\/www.cordobatimes.com\/showup\/wp-json\/wp\/v2\/posts\/33915","targetHints":{"allow":["GET"]}}],"collection":[{"href":"https:\/\/www.cordobatimes.com\/showup\/wp-json\/wp\/v2\/posts"}],"about":[{"href":"https:\/\/www.cordobatimes.com\/showup\/wp-json\/wp\/v2\/types\/post"}],"author":[{"embeddable":true,"href":"https:\/\/www.cordobatimes.com\/showup\/wp-json\/wp\/v2\/users\/9"}],"replies":[{"embeddable":true,"href":"https:\/\/www.cordobatimes.com\/showup\/wp-json\/wp\/v2\/comments?post=33915"}],"version-history":[{"count":0,"href":"https:\/\/www.cordobatimes.com\/showup\/wp-json\/wp\/v2\/posts\/33915\/revisions"}],"wp:featuredmedia":[{"embeddable":true,"href":"https:\/\/www.cordobatimes.com\/showup\/wp-json\/wp\/v2\/media\/33916"}],"wp:attachment":[{"href":"https:\/\/www.cordobatimes.com\/showup\/wp-json\/wp\/v2\/media?parent=33915"}],"wp:term":[{"taxonomy":"category","embeddable":true,"href":"https:\/\/www.cordobatimes.com\/showup\/wp-json\/wp\/v2\/categories?post=33915"},{"taxonomy":"post_tag","embeddable":true,"href":"https:\/\/www.cordobatimes.com\/showup\/wp-json\/wp\/v2\/tags?post=33915"}],"curies":[{"name":"wp","href":"https:\/\/api.w.org\/{rel}","templated":true}]}}