{"id":33879,"date":"2014-12-07T19:28:15","date_gmt":"2014-12-07T22:28:15","guid":{"rendered":"http:\/\/cordobatimes.com\/showup\/?p=33879"},"modified":"2020-02-09T18:40:11","modified_gmt":"2020-02-09T21:40:11","slug":"segun-un-estudio-ricky-martin-seria-el-ser-humano-perfecto","status":"publish","type":"post","link":"https:\/\/www.cordobatimes.com\/showup\/curiosidades\/2014\/12\/07\/segun-un-estudio-ricky-martin-seria-el-ser-humano-perfecto\/","title":{"rendered":"Seg\u00fan un estudio, Ricky Martin ser\u00eda el ser humano perfecto"},"content":{"rendered":"<h3 style=\"text-align: justify;\"><strong>A partir de una investigaci\u00f3n realizada por un bi\u00f3logo de la Universidad estadounidense de Berkeley, el ser humano perfecto tendr\u00eda que ser el puertorrique\u00f1o, gracias a su mezcla de herencia espa\u00f1ola, africana y ta\u00edna.<\/strong><\/h3>\n<p style=\"text-align: justify;\">\u201cNo quiero decir que el puertorrique\u00f1o actual sea un hombre o una mujer perfectos, porque ning\u00fan grupo humano lo es\u201d, explic\u00f3 el cient\u00edfico Lior Pachter, cuya afirmaci\u00f3n ha sido recibida con gran sentido del humor entre los habitantes de esta isla caribe\u00f1a.<\/p>\n<p style=\"text-align: justify;\">Desde su oficina de California, Pachter explica que puso en marcha la investigaci\u00f3n tras compartir mesa, por casualidad, con James Dewey Watson en marzo de 2004. Watson, premio Nobel de Medicina de 1962 por sus trabajos sobre la estructura de la mol\u00e9cula de ADN, se pas\u00f3 la noche haciendo comentarios racistas y hom\u00f3fobos que desagradaron a Pachter.<\/p>\n<p style=\"text-align: justify;\">En cambio, con sus investigaciones, \u00e9l ha llegado a la conclusi\u00f3n de que un pueblo mestizo y con una mezcla racial tan generalizada como el puertorrique\u00f1o tiene las mayores posibilidades de acoger a lo m\u00e1s parecido al \u201chumano perfecto\u201d.<\/p>\n<p style=\"text-align: justify;\">Ricky Martin y Jennifer L\u00f3pez, nacida en Nueva York pero de origen puertorrique\u00f1o, eran apuntados como ejemplos de perfecci\u00f3n puertorrique\u00f1a.<\/p>\n<p style=\"text-align: justify;\">Que el \u201cperfecto humano\u201d sea puertorrique\u00f1o tiene sentido por el hecho de que un individuo de esa isla, en el que se ha dado un proceso de mestizaje, haya reunido los genes \u201cbuenos\u201d de los distintos grupos raciales, concluye el cient\u00edfico de Berkeley.<\/p>\n","protected":false},"excerpt":{"rendered":"<p>A partir de una investigaci\u00f3n realizada por un bi\u00f3logo de la Universidad estadounidense de Berkeley, el ser humano perfecto tendr\u00eda que ser el puertorrique\u00f1o, gracias a su mezcla de herencia espa\u00f1ola, africana y ta\u00edna. \u201cNo quiero decir que el puertorrique\u00f1o actual sea un hombre o una mujer perfectos, porque ning\u00fan grupo humano lo es\u201d, explic\u00f3 [&hellip;]<\/p>\n","protected":false},"author":9,"featured_media":33880,"comment_status":"closed","ping_status":"closed","sticky":false,"template":"","format":"standard","meta":{"_seopress_robots_primary_cat":"","_seopress_titles_title":"","_seopress_titles_desc":"","_seopress_robots_index":"","footnotes":""},"categories":[8],"tags":[29536],"class_list":{"0":"post-33879","1":"post","2":"type-post","3":"status-publish","4":"format-standard","5":"has-post-thumbnail","7":"category-curiosidades","8":"tag-ricky-martin-seria-el-ser-humano-perfecto"},"_links":{"self":[{"href":"https:\/\/www.cordobatimes.com\/showup\/wp-json\/wp\/v2\/posts\/33879","targetHints":{"allow":["GET"]}}],"collection":[{"href":"https:\/\/www.cordobatimes.com\/showup\/wp-json\/wp\/v2\/posts"}],"about":[{"href":"https:\/\/www.cordobatimes.com\/showup\/wp-json\/wp\/v2\/types\/post"}],"author":[{"embeddable":true,"href":"https:\/\/www.cordobatimes.com\/showup\/wp-json\/wp\/v2\/users\/9"}],"replies":[{"embeddable":true,"href":"https:\/\/www.cordobatimes.com\/showup\/wp-json\/wp\/v2\/comments?post=33879"}],"version-history":[{"count":0,"href":"https:\/\/www.cordobatimes.com\/showup\/wp-json\/wp\/v2\/posts\/33879\/revisions"}],"wp:featuredmedia":[{"embeddable":true,"href":"https:\/\/www.cordobatimes.com\/showup\/wp-json\/wp\/v2\/media\/33880"}],"wp:attachment":[{"href":"https:\/\/www.cordobatimes.com\/showup\/wp-json\/wp\/v2\/media?parent=33879"}],"wp:term":[{"taxonomy":"category","embeddable":true,"href":"https:\/\/www.cordobatimes.com\/showup\/wp-json\/wp\/v2\/categories?post=33879"},{"taxonomy":"post_tag","embeddable":true,"href":"https:\/\/www.cordobatimes.com\/showup\/wp-json\/wp\/v2\/tags?post=33879"}],"curies":[{"name":"wp","href":"https:\/\/api.w.org\/{rel}","templated":true}]}}