{"id":33847,"date":"2014-12-07T17:20:35","date_gmt":"2014-12-07T20:20:35","guid":{"rendered":"http:\/\/cordobatimes.com\/showup\/?p=33847"},"modified":"2020-02-09T18:45:01","modified_gmt":"2020-02-09T21:45:01","slug":"comenzaron-las-grabaciones-de-tokio-la-peli-de-graciela-borges-y-guillermina-valdes","status":"publish","type":"post","link":"https:\/\/www.cordobatimes.com\/showup\/cine-y-series\/2014\/12\/07\/comenzaron-las-grabaciones-de-tokio-la-peli-de-graciela-borges-y-guillermina-valdes\/","title":{"rendered":"Comenzaron las grabaciones de \u00abTokio\u00bb, la peli de Graciela Borges y Guillermina Vald\u00e9s"},"content":{"rendered":"<h3 style=\"text-align: justify;\"><strong>El film, que contar\u00e1 tambi\u00e9n con la presencia de Luis Brandoni, transcurre en una sola noche, en un bar de jazz, mientras se escucha tocar a una banda. En ese momento, entra una mujer (Borges) y se sienta en una barra.\u00a0<\/strong><\/h3>\n<p style=\"text-align: justify;\">\u00abEs un personaje raro. Menos loco que el de &#8216;Dos hermanos&#8217; (la pel\u00edcula que hizo junto a Antonio Gasalla en 2010). Es una mujer muy especial, como esos personajes que est\u00e1n detr\u00e1s de un espejo h\u00famedo y para verlos bien ten\u00e9s que pasarle un trapo. Es un ser herido, que viene de un dolor muy grande\u00bb, detall\u00f3 Borges sobre su papel, en di\u00e1logo con el diario Clar\u00edn.<\/p>\n<p style=\"text-align: justify;\">Luego, dej\u00f3 en claro que la incorporaci\u00f3n de Guillermina no fue por el cari\u00f1o que mantienen: \u00abNo la llamaron por m\u00ed. Me cont\u00f3 Maxi (el director) que hab\u00eda hecho el personaje especialmente para ella. Ellos ya hab\u00edan trabajado juntos en una pel\u00edcula. A m\u00ed la propuesta me pareci\u00f3 muy buena\u00bb, sostuvo.<\/p>\n<p style=\"text-align: justify;\">Por \u00faltimo, Graciela destac\u00f3 las aptitudes art\u00edsticas de su compa\u00f1era, que viaj\u00f3 sola a la provincia dejando a Dante, Paloma y Helena (de su anterior relaci\u00f3n con Sebasti\u00e1n Ortega) y el peque\u00f1o Lorenzo, fruto de su relaci\u00f3n con Tinelli: \u00abGuillermina est\u00e1 muy bien en lo actoral. Ella no tiene mucho tiempo, con todos sus hijos, pero lo hizo b\u00e1rbaro\u00bb, concluy\u00f3.<\/p>\n<p style=\"text-align: justify;\">Fuente: Diario Clar\u00edn.<\/p>\n","protected":false},"excerpt":{"rendered":"<p>El film, que contar\u00e1 tambi\u00e9n con la presencia de Luis Brandoni, transcurre en una sola noche, en un bar de jazz, mientras se escucha tocar a una banda. En ese momento, entra una mujer (Borges) y se sienta en una barra.\u00a0 \u00abEs un personaje raro. Menos loco que el de &#8216;Dos hermanos&#8217; (la pel\u00edcula que [&hellip;]<\/p>\n","protected":false},"author":9,"featured_media":33849,"comment_status":"closed","ping_status":"closed","sticky":false,"template":"","format":"standard","meta":{"_seopress_robots_primary_cat":"","_seopress_titles_title":"","_seopress_titles_desc":"","_seopress_robots_index":"","footnotes":""},"categories":[3],"tags":[29537,29538,29539],"class_list":{"0":"post-33847","1":"post","2":"type-post","3":"status-publish","4":"format-standard","5":"has-post-thumbnail","7":"category-cine-y-series","8":"tag-grabaciones-de-tokio","9":"tag-graciela-borges-y-guillermina-valdes","10":"tag-pelicula-tokio-de-graciela-borges-y-guillermina-valdes"},"_links":{"self":[{"href":"https:\/\/www.cordobatimes.com\/showup\/wp-json\/wp\/v2\/posts\/33847","targetHints":{"allow":["GET"]}}],"collection":[{"href":"https:\/\/www.cordobatimes.com\/showup\/wp-json\/wp\/v2\/posts"}],"about":[{"href":"https:\/\/www.cordobatimes.com\/showup\/wp-json\/wp\/v2\/types\/post"}],"author":[{"embeddable":true,"href":"https:\/\/www.cordobatimes.com\/showup\/wp-json\/wp\/v2\/users\/9"}],"replies":[{"embeddable":true,"href":"https:\/\/www.cordobatimes.com\/showup\/wp-json\/wp\/v2\/comments?post=33847"}],"version-history":[{"count":0,"href":"https:\/\/www.cordobatimes.com\/showup\/wp-json\/wp\/v2\/posts\/33847\/revisions"}],"wp:featuredmedia":[{"embeddable":true,"href":"https:\/\/www.cordobatimes.com\/showup\/wp-json\/wp\/v2\/media\/33849"}],"wp:attachment":[{"href":"https:\/\/www.cordobatimes.com\/showup\/wp-json\/wp\/v2\/media?parent=33847"}],"wp:term":[{"taxonomy":"category","embeddable":true,"href":"https:\/\/www.cordobatimes.com\/showup\/wp-json\/wp\/v2\/categories?post=33847"},{"taxonomy":"post_tag","embeddable":true,"href":"https:\/\/www.cordobatimes.com\/showup\/wp-json\/wp\/v2\/tags?post=33847"}],"curies":[{"name":"wp","href":"https:\/\/api.w.org\/{rel}","templated":true}]}}