{"id":33843,"date":"2014-12-07T17:03:12","date_gmt":"2014-12-07T20:03:12","guid":{"rendered":"http:\/\/cordobatimes.com\/showup\/?p=33843"},"modified":"2020-02-09T18:51:51","modified_gmt":"2020-02-09T21:51:51","slug":"lali-revoluciono-twitter-por-una-foto-con-jesus","status":"publish","type":"post","link":"https:\/\/www.cordobatimes.com\/showup\/famosos\/2014\/12\/07\/lali-revoluciono-twitter-por-una-foto-con-jesus\/","title":{"rendered":"Lali revolucion\u00f3 Twitter por una foto con Jes\u00fas"},"content":{"rendered":"<h3 style=\"text-align: justify;\"><strong>La cantante teen del momento no deja de ser noticia. <\/strong><\/h3>\n<p style=\"text-align: justify;\">Hoy se convirti\u00f3 en el centro de atenci\u00f3n en las redes sociales por una foto que la muestra con una luz detr\u00e1s parecida a la de Jes\u00fas.<\/p>\n<p style=\"text-align: justify;\">\u00abQu\u00e9 incre\u00edble la foto de Lali Esp\u00f3sito con Jes\u00fas atr\u00e1s. Chicos hoy no duermo\u00bb, \u00ab@laliespos me explicas esta foto, te visit\u00f3 Jes\u00fas o \u00bfc\u00f3mo es la cosa?\u00bb, \u00ab\u00a1Heyyy! @laliespos \u00bfViste que tienes a Jes\u00fas atr\u00e1s? \u00bfViste que tienes un \u00e1ngel? \u00bfC\u00f3mo te sientes?\u00bb, \u00abEsta foto es clara se\u00f1al de que m\u00e1s cosas buenas vendr\u00e1n para tu vida @laliespos. Jes\u00fas te acompa\u00f1a. Tremenda foto\u00bb, \u00abNah, \u00bfse dan cuenta? Hasta Jes\u00fas es fan\u00e1tico de @laliespos! #Jes\u00fasEsLalito ah\u00bb; fueron algunas de las frases que sus seguidores publicaron en Twitter, al ver la fotograf\u00eda.<\/p>\n<p style=\"text-align: justify;\">La imagen de la artista, sacada por el fot\u00f3grafo Alan Lucero, fue tomada en Tucum\u00e1n donde Lali se present\u00f3 para el cierre de su gira \u00abA bailar Tour 2014\u00bb: \u00ab\u00a1GRACIAS TUCUM\u00c1N! \u00a1Grooso cierre de gira!\u00bb, resumi\u00f3 la joven, feliz.<\/p>\n<p style=\"text-align: justify;\">No te pierdas la imagen completa.<\/p>\n<blockquote class=\"twitter-tweet\" data-lang=\"es\">\n<p dir=\"ltr\" lang=\"es\">Increible imagen. <a href=\"http:\/\/t.co\/W4qpdNMF1o\">pic.twitter.com\/W4qpdNMF1o<\/a><\/p>\n<p>\u2014 Lali (@lalioficial) <a href=\"https:\/\/twitter.com\/lalioficial\/status\/541633532356206592?ref_src=twsrc%5Etfw\">7 de diciembre de 2014<\/a><\/p><\/blockquote>\n<p><script async src=\"https:\/\/platform.twitter.com\/widgets.js\" charset=\"utf-8\"><\/script><\/p>\n","protected":false},"excerpt":{"rendered":"<p>La cantante teen del momento no deja de ser noticia. Hoy se convirti\u00f3 en el centro de atenci\u00f3n en las redes sociales por una foto que la muestra con una luz detr\u00e1s parecida a la de Jes\u00fas. \u00abQu\u00e9 incre\u00edble la foto de Lali Esp\u00f3sito con Jes\u00fas atr\u00e1s. Chicos hoy no duermo\u00bb, \u00ab@laliespos me explicas esta [&hellip;]<\/p>\n","protected":false},"author":9,"featured_media":33845,"comment_status":"closed","ping_status":"closed","sticky":false,"template":"","format":"standard","meta":{"_seopress_robots_primary_cat":"","_seopress_titles_title":"","_seopress_titles_desc":"","_seopress_robots_index":"","footnotes":""},"categories":[4],"tags":[29541,29540],"class_list":{"0":"post-33843","1":"post","2":"type-post","3":"status-publish","4":"format-standard","5":"has-post-thumbnail","7":"category-famosos","8":"tag-foto-de-jesus-en-un-show-de-lali-esposito","9":"tag-lali-esposito-foto-con-jesus"},"_links":{"self":[{"href":"https:\/\/www.cordobatimes.com\/showup\/wp-json\/wp\/v2\/posts\/33843","targetHints":{"allow":["GET"]}}],"collection":[{"href":"https:\/\/www.cordobatimes.com\/showup\/wp-json\/wp\/v2\/posts"}],"about":[{"href":"https:\/\/www.cordobatimes.com\/showup\/wp-json\/wp\/v2\/types\/post"}],"author":[{"embeddable":true,"href":"https:\/\/www.cordobatimes.com\/showup\/wp-json\/wp\/v2\/users\/9"}],"replies":[{"embeddable":true,"href":"https:\/\/www.cordobatimes.com\/showup\/wp-json\/wp\/v2\/comments?post=33843"}],"version-history":[{"count":0,"href":"https:\/\/www.cordobatimes.com\/showup\/wp-json\/wp\/v2\/posts\/33843\/revisions"}],"wp:featuredmedia":[{"embeddable":true,"href":"https:\/\/www.cordobatimes.com\/showup\/wp-json\/wp\/v2\/media\/33845"}],"wp:attachment":[{"href":"https:\/\/www.cordobatimes.com\/showup\/wp-json\/wp\/v2\/media?parent=33843"}],"wp:term":[{"taxonomy":"category","embeddable":true,"href":"https:\/\/www.cordobatimes.com\/showup\/wp-json\/wp\/v2\/categories?post=33843"},{"taxonomy":"post_tag","embeddable":true,"href":"https:\/\/www.cordobatimes.com\/showup\/wp-json\/wp\/v2\/tags?post=33843"}],"curies":[{"name":"wp","href":"https:\/\/api.w.org\/{rel}","templated":true}]}}