{"id":33819,"date":"2014-12-06T17:54:51","date_gmt":"2014-12-06T20:54:51","guid":{"rendered":"http:\/\/cordobatimes.com\/showup\/?p=33819"},"modified":"2020-02-09T19:22:06","modified_gmt":"2020-02-09T22:22:06","slug":"el-tirri-estreno-clip-musical-con-su-nuevo-conjunto-video","status":"publish","type":"post","link":"https:\/\/www.cordobatimes.com\/showup\/musica\/2014\/12\/06\/el-tirri-estreno-clip-musical-con-su-nuevo-conjunto-video\/","title":{"rendered":"El Tirri estren\u00f3 clip musical con su nuevo conjunto (Video)"},"content":{"rendered":"<h3 style=\"text-align: justify;\"><strong>El primo de Marcelo Tinelli se convirti\u00f3 en uno de los personajes m\u00e1s queridos de \u00abShowMatch\u00bb y lanz\u00f3 el primer videoclip de \u00abLos Matadores\u00bb.<\/strong><\/h3>\n<p style=\"text-align: justify;\">Se trata del audiovisual de \u00abLady Baby\u00bb, el primer corte difusi\u00f3n de su disco que saldr\u00e1 en 2015.<\/p>\n<p style=\"text-align: justify;\">\u00abEl \u00e1lbum, que es de Sony, lo lanzamos en abril del a\u00f1o que viene y el clip nos lo hizo mi otro primo, Leandro Vital, que tambi\u00e9n labura en Ideas\u00bb, declar\u00f3 el ex participante del \u00abBailando\u00bb.<\/p>\n<p style=\"text-align: justify;\">El primo de Marcelo Tinelli aparece junto a Carlix, cantante dominicano de bachata y hermano de su novia Mimi.<\/p>\n<p style=\"text-align: justify;\">El Tirri no est\u00e1 incursionando en el mundo de la m\u00fasica sino que se lanz\u00f3 como solista. \u00c9l tiene un exitoso pasado ya que integr\u00f3 la formaci\u00f3n inicial de Los Fabulosos Cadillacs, en la d\u00e9cada del &#8217;80, y adem\u00e1s fue percusionista y coautor de tres canciones del m\u00edtico grupo.<\/p>\n<p><iframe loading=\"lazy\" src=\"\/\/www.youtube.com\/embed\/hZHn13s2p4E\" width=\"560\" height=\"315\" frameborder=\"0\" allowfullscreen=\"allowfullscreen\"><\/iframe><\/p>\n","protected":false},"excerpt":{"rendered":"<p>El primo de Marcelo Tinelli se convirti\u00f3 en uno de los personajes m\u00e1s queridos de \u00abShowMatch\u00bb y lanz\u00f3 el primer videoclip de \u00abLos Matadores\u00bb. Se trata del audiovisual de \u00abLady Baby\u00bb, el primer corte difusi\u00f3n de su disco que saldr\u00e1 en 2015. \u00abEl \u00e1lbum, que es de Sony, lo lanzamos en abril del a\u00f1o que [&hellip;]<\/p>\n","protected":false},"author":9,"featured_media":33820,"comment_status":"closed","ping_status":"closed","sticky":false,"template":"","format":"standard","meta":{"_seopress_robots_primary_cat":"","_seopress_titles_title":"","_seopress_titles_desc":"","_seopress_robots_index":"","footnotes":""},"categories":[5],"tags":[29543],"class_list":{"0":"post-33819","1":"post","2":"type-post","3":"status-publish","4":"format-standard","5":"has-post-thumbnail","7":"category-musica","8":"tag-el-tirri-lady-baby"},"_links":{"self":[{"href":"https:\/\/www.cordobatimes.com\/showup\/wp-json\/wp\/v2\/posts\/33819","targetHints":{"allow":["GET"]}}],"collection":[{"href":"https:\/\/www.cordobatimes.com\/showup\/wp-json\/wp\/v2\/posts"}],"about":[{"href":"https:\/\/www.cordobatimes.com\/showup\/wp-json\/wp\/v2\/types\/post"}],"author":[{"embeddable":true,"href":"https:\/\/www.cordobatimes.com\/showup\/wp-json\/wp\/v2\/users\/9"}],"replies":[{"embeddable":true,"href":"https:\/\/www.cordobatimes.com\/showup\/wp-json\/wp\/v2\/comments?post=33819"}],"version-history":[{"count":0,"href":"https:\/\/www.cordobatimes.com\/showup\/wp-json\/wp\/v2\/posts\/33819\/revisions"}],"wp:featuredmedia":[{"embeddable":true,"href":"https:\/\/www.cordobatimes.com\/showup\/wp-json\/wp\/v2\/media\/33820"}],"wp:attachment":[{"href":"https:\/\/www.cordobatimes.com\/showup\/wp-json\/wp\/v2\/media?parent=33819"}],"wp:term":[{"taxonomy":"category","embeddable":true,"href":"https:\/\/www.cordobatimes.com\/showup\/wp-json\/wp\/v2\/categories?post=33819"},{"taxonomy":"post_tag","embeddable":true,"href":"https:\/\/www.cordobatimes.com\/showup\/wp-json\/wp\/v2\/tags?post=33819"}],"curies":[{"name":"wp","href":"https:\/\/api.w.org\/{rel}","templated":true}]}}