{"id":33778,"date":"2014-12-05T15:08:38","date_gmt":"2014-12-05T18:08:38","guid":{"rendered":"http:\/\/cordobatimes.com\/showup\/?p=33778"},"modified":"2020-02-10T12:43:37","modified_gmt":"2020-02-10T15:43:37","slug":"axel-se-animo-y-debuto-como-actor-en-el-exterior","status":"publish","type":"post","link":"https:\/\/www.cordobatimes.com\/showup\/tv\/2014\/12\/05\/axel-se-animo-y-debuto-como-actor-en-el-exterior\/","title":{"rendered":"Axel se anim\u00f3 y debut\u00f3 como actor en el exterior"},"content":{"rendered":"<h3 style=\"text-align: left;\"><strong>Despu\u00e9s de convertirse en uno de los cantantes de mayor \u00e9xito en la Argentina y Latinoam\u00e9rica, el cantautor ahora prueba suerte en la actuaci\u00f3n.<\/strong><\/h3>\n<p style=\"text-align: left;\">Luego de reeditar su disco \u00abTus ojos, mis ojos\u00bb , una novela mexicana us\u00f3 el tema \u00abMi coraz\u00f3n es tuyo\u00bb como cortina y nombre del programa.<\/p>\n<p style=\"text-align: left;\">Tal fue el \u00e9xito de la novela que el productor de la misma, Juan Osorio, lo invit\u00f3 a participar de ella. \u00c1xel tuvo que hacer de s\u00ed mismo, algo que aunque parece f\u00e1cil, no lo es.<\/p>\n<p style=\"text-align: left;\">Muy contento con su nueva faceta decidi\u00f3 compartirlo con todos sus seguidores a trav\u00e9s de Twitter.<\/p>\n<p><a href=\"http:\/\/cordobatimes.com\/showup\/wp-content\/uploads\/2014\/12\/axelll.png\"><img loading=\"lazy\" decoding=\"async\" class=\"alignnone size-full wp-image-33782\" src=\"http:\/\/cordobatimes.com\/showup\/wp-content\/uploads\/2014\/12\/axelll.png\" alt=\"axelll\" width=\"649\" height=\"528\" data-id=\"33782\" srcset=\"https:\/\/www.cordobatimes.com\/showup\/wp-content\/uploads\/2014\/12\/axelll.png 649w, https:\/\/www.cordobatimes.com\/showup\/wp-content\/uploads\/2014\/12\/axelll-300x244.png 300w\" sizes=\"auto, (max-width: 649px) 100vw, 649px\" \/><\/a><\/p>\n<p>&nbsp;<\/p>\n","protected":false},"excerpt":{"rendered":"<p>Despu\u00e9s de convertirse en uno de los cantantes de mayor \u00e9xito en la Argentina y Latinoam\u00e9rica, el cantautor ahora prueba suerte en la actuaci\u00f3n. Luego de reeditar su disco \u00abTus ojos, mis ojos\u00bb , una novela mexicana us\u00f3 el tema \u00abMi coraz\u00f3n es tuyo\u00bb como cortina y nombre del programa. Tal fue el \u00e9xito de [&hellip;]<\/p>\n","protected":false},"author":9,"featured_media":33779,"comment_status":"closed","ping_status":"closed","sticky":false,"template":"","format":"standard","meta":{"_seopress_robots_primary_cat":"","_seopress_titles_title":"","_seopress_titles_desc":"","_seopress_robots_index":"","footnotes":""},"categories":[2],"tags":[11020,29556],"class_list":{"0":"post-33778","1":"post","2":"type-post","3":"status-publish","4":"format-standard","5":"has-post-thumbnail","7":"category-tv","8":"tag-axel-debuta-en-la-television-mexicana","9":"tag-axel-mi-corazon-es-tuyo"},"_links":{"self":[{"href":"https:\/\/www.cordobatimes.com\/showup\/wp-json\/wp\/v2\/posts\/33778","targetHints":{"allow":["GET"]}}],"collection":[{"href":"https:\/\/www.cordobatimes.com\/showup\/wp-json\/wp\/v2\/posts"}],"about":[{"href":"https:\/\/www.cordobatimes.com\/showup\/wp-json\/wp\/v2\/types\/post"}],"author":[{"embeddable":true,"href":"https:\/\/www.cordobatimes.com\/showup\/wp-json\/wp\/v2\/users\/9"}],"replies":[{"embeddable":true,"href":"https:\/\/www.cordobatimes.com\/showup\/wp-json\/wp\/v2\/comments?post=33778"}],"version-history":[{"count":0,"href":"https:\/\/www.cordobatimes.com\/showup\/wp-json\/wp\/v2\/posts\/33778\/revisions"}],"wp:featuredmedia":[{"embeddable":true,"href":"https:\/\/www.cordobatimes.com\/showup\/wp-json\/wp\/v2\/media\/33779"}],"wp:attachment":[{"href":"https:\/\/www.cordobatimes.com\/showup\/wp-json\/wp\/v2\/media?parent=33778"}],"wp:term":[{"taxonomy":"category","embeddable":true,"href":"https:\/\/www.cordobatimes.com\/showup\/wp-json\/wp\/v2\/categories?post=33778"},{"taxonomy":"post_tag","embeddable":true,"href":"https:\/\/www.cordobatimes.com\/showup\/wp-json\/wp\/v2\/tags?post=33778"}],"curies":[{"name":"wp","href":"https:\/\/api.w.org\/{rel}","templated":true}]}}