{"id":33772,"date":"2014-12-05T14:58:46","date_gmt":"2014-12-05T17:58:46","guid":{"rendered":"http:\/\/cordobatimes.com\/showup\/?p=33772"},"modified":"2020-02-10T12:46:54","modified_gmt":"2020-02-10T15:46:54","slug":"camara-oculta-y-prostitucion-jesica-herenu-deschavo-a-bam-bam","status":"publish","type":"post","link":"https:\/\/www.cordobatimes.com\/showup\/tv\/2014\/12\/05\/camara-oculta-y-prostitucion-jesica-herenu-deschavo-a-bam-bam\/","title":{"rendered":"C\u00e1mara oculta y prostituci\u00f3n: J\u00e9sica Here\u00f1\u00fa deschav\u00f3 a \u00abBam Bam\u00bb"},"content":{"rendered":"<h3><strong>La bella ex Gran hermano se present\u00f3 en \u00abDesayuno Americano\u00bb y cont\u00f3 toda su verdad.<\/strong><\/h3>\n<p>La morocha public\u00f3 las im\u00e1genes que dar\u00edan cuenta de la propuesta indecente recibida por Esteban Morais para ejercer prostituci\u00f3n vip.<\/p>\n<p>\u00abVine a desenmascararte y te quer\u00e9s matar\u00bb, dispar\u00f3 la modelo.<\/p>\n<p>No te pierdas el video.<\/p>\n<p><iframe loading=\"lazy\" src=\"\/\/www.dailymotion.com\/embed\/video\/x2btp6t\" width=\"480\" height=\"270\" frameborder=\"0\" allowfullscreen=\"allowfullscreen\"><\/iframe><br \/>\n<a href=\"http:\/\/www.dailymotion.com\/video\/x2btp6t_una-camara-oculta-que-perjudicaria-a-morais_tv\" target=\"_blank\" rel=\"noopener noreferrer\"><br \/>\n<\/a><i><\/i><\/p>\n","protected":false},"excerpt":{"rendered":"<p>La bella ex Gran hermano se present\u00f3 en \u00abDesayuno Americano\u00bb y cont\u00f3 toda su verdad. La morocha public\u00f3 las im\u00e1genes que dar\u00edan cuenta de la propuesta indecente recibida por Esteban Morais para ejercer prostituci\u00f3n vip. \u00abVine a desenmascararte y te quer\u00e9s matar\u00bb, dispar\u00f3 la modelo. No te pierdas el video.<\/p>\n","protected":false},"author":9,"featured_media":33775,"comment_status":"closed","ping_status":"closed","sticky":false,"template":"","format":"standard","meta":{"_seopress_robots_primary_cat":"","_seopress_titles_title":"","_seopress_titles_desc":"","_seopress_robots_index":"","footnotes":""},"categories":[2],"tags":[29557],"class_list":{"0":"post-33772","1":"post","2":"type-post","3":"status-publish","4":"format-standard","5":"has-post-thumbnail","7":"category-tv","8":"tag-jesica-herenu-y-esteban-morais"},"_links":{"self":[{"href":"https:\/\/www.cordobatimes.com\/showup\/wp-json\/wp\/v2\/posts\/33772","targetHints":{"allow":["GET"]}}],"collection":[{"href":"https:\/\/www.cordobatimes.com\/showup\/wp-json\/wp\/v2\/posts"}],"about":[{"href":"https:\/\/www.cordobatimes.com\/showup\/wp-json\/wp\/v2\/types\/post"}],"author":[{"embeddable":true,"href":"https:\/\/www.cordobatimes.com\/showup\/wp-json\/wp\/v2\/users\/9"}],"replies":[{"embeddable":true,"href":"https:\/\/www.cordobatimes.com\/showup\/wp-json\/wp\/v2\/comments?post=33772"}],"version-history":[{"count":0,"href":"https:\/\/www.cordobatimes.com\/showup\/wp-json\/wp\/v2\/posts\/33772\/revisions"}],"wp:featuredmedia":[{"embeddable":true,"href":"https:\/\/www.cordobatimes.com\/showup\/wp-json\/wp\/v2\/media\/33775"}],"wp:attachment":[{"href":"https:\/\/www.cordobatimes.com\/showup\/wp-json\/wp\/v2\/media?parent=33772"}],"wp:term":[{"taxonomy":"category","embeddable":true,"href":"https:\/\/www.cordobatimes.com\/showup\/wp-json\/wp\/v2\/categories?post=33772"},{"taxonomy":"post_tag","embeddable":true,"href":"https:\/\/www.cordobatimes.com\/showup\/wp-json\/wp\/v2\/tags?post=33772"}],"curies":[{"name":"wp","href":"https:\/\/api.w.org\/{rel}","templated":true}]}}