{"id":33688,"date":"2014-12-03T16:54:46","date_gmt":"2014-12-03T19:54:46","guid":{"rendered":"http:\/\/cordobatimes.com\/showup\/?p=33688"},"modified":"2020-02-10T13:46:08","modified_gmt":"2020-02-10T16:46:08","slug":"polemica-confesion-luciana-salazar-conto-que-le-gusta-que-le-digan-en-la-cama-video","status":"publish","type":"post","link":"https:\/\/www.cordobatimes.com\/showup\/tv\/2014\/12\/03\/polemica-confesion-luciana-salazar-conto-que-le-gusta-que-le-digan-en-la-cama-video\/","title":{"rendered":"Pol\u00e9mica confesi\u00f3n: Luciana Salazar cont\u00f3 qu\u00e9 le gusta que le digan en la cama (Video)"},"content":{"rendered":"<h3 style=\"text-align: justify;\"><strong>La ex de Mart\u00edn Redrado en \u00abAnimales Sueltos\u00bb caus\u00f3 revuelo luego de que Alejandro Fantino planteara una hipot\u00e9tica situaci\u00f3n de levante, y ella dijo que le gusta un hombre que le diga \u201cte violo\u201d al o\u00eddo.<\/strong><\/h3>\n<p style=\"text-align: justify;\">\u201cQue me digan \u2018ven\u00eds a dormir a mi casa\u2019 me la tira para abajo\u201d, se\u00f1al\u00f3 Luli. Y Fantino pregunt\u00f3 \u201c\u00bfqu\u00e9 quer\u00e9s que te digan?\u201d.<\/p>\n<p style=\"text-align: justify;\">Enseguida, Sof\u00eda Z\u00e1molo coment\u00f3 que \u201cten\u00e9s dos opciones, o te la llev\u00e1s atr\u00e1s de una cortina y le das un beso, o la llam\u00e1s otro d\u00eda y la invit\u00e1s a comer\u201d.<\/p>\n<p style=\"text-align: justify;\">Sin embargo, Salazar fue mucho m\u00e1s cruda: \u201cA m\u00ed me gusta la adrenalina de que pase algo ah\u00ed, en un lugar as\u00ed como en un rinc\u00f3n, o en una fiesta tambi\u00e9n. El o\u00eddo, a las mujeres, por lo menos a m\u00ed, no s\u00e9\u2026 Que venga un tipo y te diga, ojo con la palabra, \u2018te violo\u2019\u2026\u201d, lanz\u00f3.<\/p>\n<p style=\"text-align: justify;\">La frase desat\u00f3 la sorpresa de Coco Sily, quien se levant\u00f3 de su sill\u00f3n y se fue tras de c\u00e1maras, dando por terminado el programa.<\/p>\n<p style=\"text-align: justify;\">No te pierdas el momento.<\/p>\n<p><iframe loading=\"lazy\" src=\"\/\/www.dailymotion.com\/embed\/video\/x2blz89\" width=\"480\" height=\"270\" frameborder=\"0\" allowfullscreen=\"allowfullscreen\"><\/iframe><br \/>\n<a href=\"http:\/\/www.dailymotion.com\/video\/x2blz89_luli-salazar-polemica_people\" target=\"_blank\" rel=\"noopener noreferrer\"><br \/>\n<\/a><i><\/i><\/p>\n","protected":false},"excerpt":{"rendered":"<p>La ex de Mart\u00edn Redrado en \u00abAnimales Sueltos\u00bb caus\u00f3 revuelo luego de que Alejandro Fantino planteara una hipot\u00e9tica situaci\u00f3n de levante, y ella dijo que le gusta un hombre que le diga \u201cte violo\u201d al o\u00eddo. \u201cQue me digan \u2018ven\u00eds a dormir a mi casa\u2019 me la tira para abajo\u201d, se\u00f1al\u00f3 Luli. Y Fantino pregunt\u00f3 [&hellip;]<\/p>\n","protected":false},"author":9,"featured_media":33690,"comment_status":"closed","ping_status":"closed","sticky":false,"template":"","format":"standard","meta":{"_seopress_robots_primary_cat":"","_seopress_titles_title":"","_seopress_titles_desc":"","_seopress_robots_index":"","footnotes":""},"categories":[2],"tags":[29563],"class_list":{"0":"post-33688","1":"post","2":"type-post","3":"status-publish","4":"format-standard","5":"has-post-thumbnail","7":"category-tv","8":"tag-luciana-salazar-conto-que-le-gusta-que-le-digan-en-la-cama"},"_links":{"self":[{"href":"https:\/\/www.cordobatimes.com\/showup\/wp-json\/wp\/v2\/posts\/33688","targetHints":{"allow":["GET"]}}],"collection":[{"href":"https:\/\/www.cordobatimes.com\/showup\/wp-json\/wp\/v2\/posts"}],"about":[{"href":"https:\/\/www.cordobatimes.com\/showup\/wp-json\/wp\/v2\/types\/post"}],"author":[{"embeddable":true,"href":"https:\/\/www.cordobatimes.com\/showup\/wp-json\/wp\/v2\/users\/9"}],"replies":[{"embeddable":true,"href":"https:\/\/www.cordobatimes.com\/showup\/wp-json\/wp\/v2\/comments?post=33688"}],"version-history":[{"count":0,"href":"https:\/\/www.cordobatimes.com\/showup\/wp-json\/wp\/v2\/posts\/33688\/revisions"}],"wp:featuredmedia":[{"embeddable":true,"href":"https:\/\/www.cordobatimes.com\/showup\/wp-json\/wp\/v2\/media\/33690"}],"wp:attachment":[{"href":"https:\/\/www.cordobatimes.com\/showup\/wp-json\/wp\/v2\/media?parent=33688"}],"wp:term":[{"taxonomy":"category","embeddable":true,"href":"https:\/\/www.cordobatimes.com\/showup\/wp-json\/wp\/v2\/categories?post=33688"},{"taxonomy":"post_tag","embeddable":true,"href":"https:\/\/www.cordobatimes.com\/showup\/wp-json\/wp\/v2\/tags?post=33688"}],"curies":[{"name":"wp","href":"https:\/\/api.w.org\/{rel}","templated":true}]}}