{"id":33653,"date":"2014-12-03T13:19:01","date_gmt":"2014-12-03T16:19:01","guid":{"rendered":"http:\/\/cordobatimes.com\/showup\/?p=33653"},"modified":"2020-02-10T13:55:03","modified_gmt":"2020-02-10T16:55:03","slug":"pese-al-terrible-momento-que-atravesaron-pampita-y-benjamin-estan-mas-unidos-que-nunca","status":"publish","type":"post","link":"https:\/\/www.cordobatimes.com\/showup\/famosos\/2014\/12\/03\/pese-al-terrible-momento-que-atravesaron-pampita-y-benjamin-estan-mas-unidos-que-nunca\/","title":{"rendered":"Pese al terrible momento que atravesaron, Pampita y Benjam\u00edn est\u00e1n m\u00e1s unidos que nunca"},"content":{"rendered":"<h3 style=\"text-align: justify;\"><strong>La hermosa modelo dio una nota a la revista Gente y cont\u00f3 todas las intimidades de su pareja y lo feliz que la hace su marido.<\/strong><\/h3>\n<p style=\"text-align: justify;\">Carolina \u00abPampita\u00bb Ardohain y el actor Benjam\u00edn Vicu\u00f1a regresaron al pa\u00eds junto a sus 3 bellos hijos. Volvieron \u00a0a nuestro pa\u00eds ya que ambos est\u00e1n trabajando en diferentes proyectos, pero todos en Buenos Aires.<\/p>\n<p style=\"text-align: justify;\">\u00abBenja es el hombre de mi vida. Me salv\u00f3, me cambi\u00f3 la cabeza, me permiti\u00f3 ser mam\u00e1. Lo amo y es una bendici\u00f3n tan grande eso, estamos orgullosos de nuestra familia.\u00a0En diez a\u00f1os nos pasaron tantas cosas y sin embargo nuestro amor sigue tan fuerte, tan inquebrantable. Cuando estamos juntos, somos nosotros, no existe la fama, ni la profesi\u00f3n, ni la popularidad, sino c\u00f3mo so\u00f1amos cada cosa, como hicimos nuestra casa, c\u00f3mo criamos a nuestros hijos, tan a la par&#8230; \u00ab, cuenta Pampita enamorada de sus hombres y con una figura impecable que es pura gen\u00e9tica ya que, seg\u00fan cont\u00f3, no sigue ninguna dieta porque est\u00e1 relajada disfrutando de su maternidad.<\/p>\n<p style=\"text-align: justify;\">Sobre la llegada de Benicio, su tercer hijo var\u00f3n Carolina cont\u00f3 c\u00f3mo lo vive ella y toda su familia, \u00bb Estamos muy felices. Cada hijo cuando llega es un amor que te inunda. Yo estoy totalmente embobada con mi baby.\u00a0Beltr\u00e1n se dio cuenta que ya no es m\u00e1s el beb\u00e9 de la familia y est\u00e1 un poco mimoso. Es muy gracioso, copia a Bautista y quiere ense\u00f1arle cosas a Benicio. Bauti es lo m\u00e1ximo, lo besa, lo quiere alzar. Vivimos un momento de gran felicidad\u00bb.<\/p>\n","protected":false},"excerpt":{"rendered":"<p>La hermosa modelo dio una nota a la revista Gente y cont\u00f3 todas las intimidades de su pareja y lo feliz que la hace su marido. Carolina \u00abPampita\u00bb Ardohain y el actor Benjam\u00edn Vicu\u00f1a regresaron al pa\u00eds junto a sus 3 bellos hijos. Volvieron \u00a0a nuestro pa\u00eds ya que ambos est\u00e1n trabajando en diferentes proyectos, [&hellip;]<\/p>\n","protected":false},"author":17,"featured_media":33654,"comment_status":"closed","ping_status":"closed","sticky":false,"template":"","format":"standard","meta":{"_seopress_robots_primary_cat":"","_seopress_titles_title":"","_seopress_titles_desc":"","_seopress_robots_index":"","footnotes":""},"categories":[4],"tags":[25507],"class_list":{"0":"post-33653","1":"post","2":"type-post","3":"status-publish","4":"format-standard","5":"has-post-thumbnail","7":"category-famosos","8":"tag-pampita-y-benjamin-vicuna"},"_links":{"self":[{"href":"https:\/\/www.cordobatimes.com\/showup\/wp-json\/wp\/v2\/posts\/33653","targetHints":{"allow":["GET"]}}],"collection":[{"href":"https:\/\/www.cordobatimes.com\/showup\/wp-json\/wp\/v2\/posts"}],"about":[{"href":"https:\/\/www.cordobatimes.com\/showup\/wp-json\/wp\/v2\/types\/post"}],"author":[{"embeddable":true,"href":"https:\/\/www.cordobatimes.com\/showup\/wp-json\/wp\/v2\/users\/17"}],"replies":[{"embeddable":true,"href":"https:\/\/www.cordobatimes.com\/showup\/wp-json\/wp\/v2\/comments?post=33653"}],"version-history":[{"count":0,"href":"https:\/\/www.cordobatimes.com\/showup\/wp-json\/wp\/v2\/posts\/33653\/revisions"}],"wp:featuredmedia":[{"embeddable":true,"href":"https:\/\/www.cordobatimes.com\/showup\/wp-json\/wp\/v2\/media\/33654"}],"wp:attachment":[{"href":"https:\/\/www.cordobatimes.com\/showup\/wp-json\/wp\/v2\/media?parent=33653"}],"wp:term":[{"taxonomy":"category","embeddable":true,"href":"https:\/\/www.cordobatimes.com\/showup\/wp-json\/wp\/v2\/categories?post=33653"},{"taxonomy":"post_tag","embeddable":true,"href":"https:\/\/www.cordobatimes.com\/showup\/wp-json\/wp\/v2\/tags?post=33653"}],"curies":[{"name":"wp","href":"https:\/\/api.w.org\/{rel}","templated":true}]}}