{"id":33570,"date":"2014-12-02T16:13:29","date_gmt":"2014-12-02T19:13:29","guid":{"rendered":"http:\/\/cordobatimes.com\/showup\/?p=33570"},"modified":"2020-02-10T16:51:50","modified_gmt":"2020-02-10T19:51:50","slug":"susan-boyle-consiguio-novio-a-los-53-anos","status":"publish","type":"post","link":"https:\/\/www.cordobatimes.com\/showup\/famosos\/2014\/12\/02\/susan-boyle-consiguio-novio-a-los-53-anos\/","title":{"rendered":"Susan Boyle consigui\u00f3 novio a los 53 a\u00f1os"},"content":{"rendered":"<h3 style=\"text-align: justify;\"><strong>La cantante escocesa se puso en pareja por primera vez y ac\u00e1 te damos todos los detalles de la relaci\u00f3n. \u00a0<\/strong><\/h3>\n<p style=\"text-align: justify;\">Seg\u00fan el diario \u00abThe Sun\u00bb, la cantante conoci\u00f3 a su pareja por casualidad, cuando ambos se hospedaban en el mismo hotel mientras estaba de gira por los Estados Unidos.<\/p>\n<p style=\"text-align: justify;\">Adem\u00e1s, la mujer que salt\u00f3 a la fama mundial por su voz en el programa \u00abBritain\u00b4s Got Talent\u00bb, confes\u00f3 que en la primera cita fueron a cenar y que el candidato se comport\u00f3 como \u00bb todo un caballero\u00bb.<\/p>\n<p style=\"text-align: justify;\">\u00abEs muy reciente as\u00ed que veremos qu\u00e9 pasa, espero que venga a verme\u00bb, declar\u00f3 ansiosa por el pr\u00f3ximo encuentro rom\u00e1ntico con su enamorado, quien le prometi\u00f3 que ir\u00e1 pronto a visitarla. Y resumi\u00f3: \u00abNo quiero decir nada m\u00e1s en este momento acerca de qui\u00e9n se trata porque ser\u00eda injusto para \u00e9l. Todo lo que dir\u00e9 es que somos de la misma edad y \u00e9l es un tipo muy agradable\u00bb.<\/p>\n","protected":false},"excerpt":{"rendered":"<p>La cantante escocesa se puso en pareja por primera vez y ac\u00e1 te damos todos los detalles de la relaci\u00f3n. \u00a0 Seg\u00fan el diario \u00abThe Sun\u00bb, la cantante conoci\u00f3 a su pareja por casualidad, cuando ambos se hospedaban en el mismo hotel mientras estaba de gira por los Estados Unidos. Adem\u00e1s, la mujer que salt\u00f3 [&hellip;]<\/p>\n","protected":false},"author":9,"featured_media":33593,"comment_status":"closed","ping_status":"closed","sticky":false,"template":"","format":"standard","meta":{"_seopress_robots_primary_cat":"","_seopress_titles_title":"","_seopress_titles_desc":"","_seopress_robots_index":"","footnotes":""},"categories":[4],"tags":[29566],"class_list":{"0":"post-33570","1":"post","2":"type-post","3":"status-publish","4":"format-standard","5":"has-post-thumbnail","7":"category-famosos","8":"tag-novio-de-susan-boyle"},"_links":{"self":[{"href":"https:\/\/www.cordobatimes.com\/showup\/wp-json\/wp\/v2\/posts\/33570","targetHints":{"allow":["GET"]}}],"collection":[{"href":"https:\/\/www.cordobatimes.com\/showup\/wp-json\/wp\/v2\/posts"}],"about":[{"href":"https:\/\/www.cordobatimes.com\/showup\/wp-json\/wp\/v2\/types\/post"}],"author":[{"embeddable":true,"href":"https:\/\/www.cordobatimes.com\/showup\/wp-json\/wp\/v2\/users\/9"}],"replies":[{"embeddable":true,"href":"https:\/\/www.cordobatimes.com\/showup\/wp-json\/wp\/v2\/comments?post=33570"}],"version-history":[{"count":0,"href":"https:\/\/www.cordobatimes.com\/showup\/wp-json\/wp\/v2\/posts\/33570\/revisions"}],"wp:featuredmedia":[{"embeddable":true,"href":"https:\/\/www.cordobatimes.com\/showup\/wp-json\/wp\/v2\/media\/33593"}],"wp:attachment":[{"href":"https:\/\/www.cordobatimes.com\/showup\/wp-json\/wp\/v2\/media?parent=33570"}],"wp:term":[{"taxonomy":"category","embeddable":true,"href":"https:\/\/www.cordobatimes.com\/showup\/wp-json\/wp\/v2\/categories?post=33570"},{"taxonomy":"post_tag","embeddable":true,"href":"https:\/\/www.cordobatimes.com\/showup\/wp-json\/wp\/v2\/tags?post=33570"}],"curies":[{"name":"wp","href":"https:\/\/api.w.org\/{rel}","templated":true}]}}