{"id":33568,"date":"2014-12-02T16:31:25","date_gmt":"2014-12-02T19:31:25","guid":{"rendered":"http:\/\/cordobatimes.com\/showup\/?p=33568"},"modified":"2020-02-10T16:48:29","modified_gmt":"2020-02-10T19:48:29","slug":"ingrid-grudke-fue-la-cara-de-una-campana-de-lucha-contra-el-hiv","status":"publish","type":"post","link":"https:\/\/www.cordobatimes.com\/showup\/famosos\/2014\/12\/02\/ingrid-grudke-fue-la-cara-de-una-campana-de-lucha-contra-el-hiv\/","title":{"rendered":"Ingrid Grudke fue la cara de una campa\u00f1a de lucha contra el HIV"},"content":{"rendered":"<h3 style=\"text-align: justify;\"><strong>La bella modelo mostr\u00f3 nuevamente su faceta solidaria en el marco del D\u00eda Mundial de la Lucha contra el Sida que se conmemor\u00f3 este lunes.<\/strong><\/h3>\n<p style=\"text-align: justify;\">\u00abMi campa\u00f1a apoyando el D\u00eda Mundial de la lucha contra el HIV\u00bb, escribi\u00f3 la bella modelo junto a las im\u00e1genes en su cuenta personal de Twitter, tras la producci\u00f3n que busca concientizar e informar sobre esta enfermedad.<\/p>\n<p style=\"text-align: justify;\">En las fotos, Ingrid se muestra sin ropa y sosteniendo un cartel con dibujos significativos, entre ellos de Clemente y La Nelly. Adem\u00e1s, en todos los dise\u00f1os se puede ver un preservativo, el principal m\u00e9todo de prevenci\u00f3n.<\/p>\n<p style=\"text-align: justify;\">No te pierdas su Tweet.<\/p>\n<blockquote class=\"twitter-tweet\" data-lang=\"es\">\n<p dir=\"ltr\" lang=\"es\">Mi Campa\u00f1a apoyando el D\u00eda Mundial de la lucha contra el HIV <a href=\"http:\/\/t.co\/oa7O31NGWr\">pic.twitter.com\/oa7O31NGWr<\/a><\/p>\n<p>\u2014 Ingrid Grudke (@ingridgrudkeok) <a href=\"https:\/\/twitter.com\/ingridgrudkeok\/status\/539571518075076609?ref_src=twsrc%5Etfw\">2 de diciembre de 2014<\/a><\/p><\/blockquote>\n<p><script async src=\"https:\/\/platform.twitter.com\/widgets.js\" charset=\"utf-8\"><\/script><\/p>\n","protected":false},"excerpt":{"rendered":"<p>La bella modelo mostr\u00f3 nuevamente su faceta solidaria en el marco del D\u00eda Mundial de la Lucha contra el Sida que se conmemor\u00f3 este lunes. \u00abMi campa\u00f1a apoyando el D\u00eda Mundial de la lucha contra el HIV\u00bb, escribi\u00f3 la bella modelo junto a las im\u00e1genes en su cuenta personal de Twitter, tras la producci\u00f3n que [&hellip;]<\/p>\n","protected":false},"author":9,"featured_media":33598,"comment_status":"closed","ping_status":"closed","sticky":false,"template":"","format":"standard","meta":{"_seopress_robots_primary_cat":"","_seopress_titles_title":"","_seopress_titles_desc":"","_seopress_robots_index":"","footnotes":""},"categories":[4],"tags":[29565,29564],"class_list":{"0":"post-33568","1":"post","2":"type-post","3":"status-publish","4":"format-standard","5":"has-post-thumbnail","7":"category-famosos","8":"tag-campana-de-ingrid-grudke-contra-el-sida","9":"tag-ingrid-grudke-dia-mundial-de-la-lucha-contra-el-sida"},"_links":{"self":[{"href":"https:\/\/www.cordobatimes.com\/showup\/wp-json\/wp\/v2\/posts\/33568","targetHints":{"allow":["GET"]}}],"collection":[{"href":"https:\/\/www.cordobatimes.com\/showup\/wp-json\/wp\/v2\/posts"}],"about":[{"href":"https:\/\/www.cordobatimes.com\/showup\/wp-json\/wp\/v2\/types\/post"}],"author":[{"embeddable":true,"href":"https:\/\/www.cordobatimes.com\/showup\/wp-json\/wp\/v2\/users\/9"}],"replies":[{"embeddable":true,"href":"https:\/\/www.cordobatimes.com\/showup\/wp-json\/wp\/v2\/comments?post=33568"}],"version-history":[{"count":0,"href":"https:\/\/www.cordobatimes.com\/showup\/wp-json\/wp\/v2\/posts\/33568\/revisions"}],"wp:featuredmedia":[{"embeddable":true,"href":"https:\/\/www.cordobatimes.com\/showup\/wp-json\/wp\/v2\/media\/33598"}],"wp:attachment":[{"href":"https:\/\/www.cordobatimes.com\/showup\/wp-json\/wp\/v2\/media?parent=33568"}],"wp:term":[{"taxonomy":"category","embeddable":true,"href":"https:\/\/www.cordobatimes.com\/showup\/wp-json\/wp\/v2\/categories?post=33568"},{"taxonomy":"post_tag","embeddable":true,"href":"https:\/\/www.cordobatimes.com\/showup\/wp-json\/wp\/v2\/tags?post=33568"}],"curies":[{"name":"wp","href":"https:\/\/api.w.org\/{rel}","templated":true}]}}