{"id":33526,"date":"2014-12-01T17:24:33","date_gmt":"2014-12-01T20:24:33","guid":{"rendered":"http:\/\/cordobatimes.com\/showup\/?p=33526"},"modified":"2020-02-10T17:37:03","modified_gmt":"2020-02-10T20:37:03","slug":"los-minions-se-animaron-y-lanzaron-un-divertido-clip-navideno-video","status":"publish","type":"post","link":"https:\/\/www.cordobatimes.com\/showup\/cine-y-series\/2014\/12\/01\/los-minions-se-animaron-y-lanzaron-un-divertido-clip-navideno-video\/","title":{"rendered":"Los Minions se animaron y lanzaron un divertido clip navide\u00f1o (Video)"},"content":{"rendered":"<h3 style=\"text-align: justify;\"><strong>La cadena estadounidense de cines AMC Theatres y Universal Pictures lanz\u00f3 un corto protagonizado por los personajes de la pel\u00edcula que estrenar\u00e1 a mediados de julio de 2015.<\/strong><\/h3>\n<p style=\"text-align: justify;\">En el alegre video, los famosos personajes amarillos cantan villancicos mientras bailan en la nieve y enloquecen de la misma manera que lo hacen en las pel\u00edculas \u00abDespicable Me\u00bb.<\/p>\n<p style=\"text-align: justify;\">En la pr\u00f3xima pel\u00edcula, Minions nos presentar\u00e1 la historia de toda la evoluci\u00f3n de estos simp\u00e1ticos personajes y c\u00f3mo sobrevivieron desde tiempos ancestrales.<\/p>\n<p style=\"text-align: justify;\">El tr\u00edo se embarca en un apasionante viaje que los conduce a una posible nueva l\u00edder, Scarlet Overkill (con voz de la ganadora del Oscar, Sandra Bullock), la primera mujer supervillana del mundo. Viajan desde la g\u00e9lida Ant\u00e1rtida hasta el Nueva York de los sesenta para terminar en el Londres actual, donde deber\u00e1n afrontar el mayor desaf\u00edo hasta la fecha: salvar a la raza Minion de la aniquilaci\u00f3n.<\/p>\n<p style=\"text-align: justify;\">Con una banda sonora que incluye \u00e9xitos de los a\u00f1os sesenta, Minions est\u00e1 producida por Chris Meledandri y Janet Healy, de Illumination Entertainment, y dirigida por Pierre Coffin y Kyle Balda. El gui\u00f3n es de Brian Lynch y la producci\u00f3n ejecutiva corre a cargo de Chris Renaud.<\/p>\n<p style=\"text-align: justify;\">No te lo pierdas.<\/p>\n<p><iframe loading=\"lazy\" src=\"\/\/www.youtube.com\/embed\/wTGOK9VqOxA\" width=\"560\" height=\"315\" frameborder=\"0\" allowfullscreen=\"allowfullscreen\"><\/iframe><\/p>\n","protected":false},"excerpt":{"rendered":"<p>La cadena estadounidense de cines AMC Theatres y Universal Pictures lanz\u00f3 un corto protagonizado por los personajes de la pel\u00edcula que estrenar\u00e1 a mediados de julio de 2015. En el alegre video, los famosos personajes amarillos cantan villancicos mientras bailan en la nieve y enloquecen de la misma manera que lo hacen en las pel\u00edculas [&hellip;]<\/p>\n","protected":false},"author":9,"featured_media":33527,"comment_status":"closed","ping_status":"closed","sticky":false,"template":"","format":"standard","meta":{"_seopress_robots_primary_cat":"","_seopress_titles_title":"","_seopress_titles_desc":"","_seopress_robots_index":"","footnotes":""},"categories":[3],"tags":[29576],"class_list":{"0":"post-33526","1":"post","2":"type-post","3":"status-publish","4":"format-standard","5":"has-post-thumbnail","7":"category-cine-y-series","8":"tag-clip-navideno-de-los-minions"},"_links":{"self":[{"href":"https:\/\/www.cordobatimes.com\/showup\/wp-json\/wp\/v2\/posts\/33526","targetHints":{"allow":["GET"]}}],"collection":[{"href":"https:\/\/www.cordobatimes.com\/showup\/wp-json\/wp\/v2\/posts"}],"about":[{"href":"https:\/\/www.cordobatimes.com\/showup\/wp-json\/wp\/v2\/types\/post"}],"author":[{"embeddable":true,"href":"https:\/\/www.cordobatimes.com\/showup\/wp-json\/wp\/v2\/users\/9"}],"replies":[{"embeddable":true,"href":"https:\/\/www.cordobatimes.com\/showup\/wp-json\/wp\/v2\/comments?post=33526"}],"version-history":[{"count":0,"href":"https:\/\/www.cordobatimes.com\/showup\/wp-json\/wp\/v2\/posts\/33526\/revisions"}],"wp:featuredmedia":[{"embeddable":true,"href":"https:\/\/www.cordobatimes.com\/showup\/wp-json\/wp\/v2\/media\/33527"}],"wp:attachment":[{"href":"https:\/\/www.cordobatimes.com\/showup\/wp-json\/wp\/v2\/media?parent=33526"}],"wp:term":[{"taxonomy":"category","embeddable":true,"href":"https:\/\/www.cordobatimes.com\/showup\/wp-json\/wp\/v2\/categories?post=33526"},{"taxonomy":"post_tag","embeddable":true,"href":"https:\/\/www.cordobatimes.com\/showup\/wp-json\/wp\/v2\/tags?post=33526"}],"curies":[{"name":"wp","href":"https:\/\/api.w.org\/{rel}","templated":true}]}}