{"id":33392,"date":"2014-11-28T18:05:24","date_gmt":"2014-11-28T21:05:24","guid":{"rendered":"http:\/\/cordobatimes.com\/showup\/?p=33392"},"modified":"2020-02-01T16:42:03","modified_gmt":"2020-02-01T19:42:03","slug":"antonio-banderas-fue-nombrado-huesped-de-honor-de-la-ciudad-de-buenos-aires","status":"publish","type":"post","link":"https:\/\/www.cordobatimes.com\/showup\/famosos\/2014\/11\/28\/antonio-banderas-fue-nombrado-huesped-de-honor-de-la-ciudad-de-buenos-aires\/","title":{"rendered":"Antonio Banderas fue nombrado Hu\u00e9sped de Honor de la Ciudad de Buenos Aires"},"content":{"rendered":"<h3 style=\"text-align: justify;\"><strong>El reconocido actor \u00a0fue distinguido en la Legislatura en un acto presidido por el Vicepresidente de la Legislatura, Cristian Ritondo, y la Vice Jefa de Gobierno, Mar\u00eda Eugenia Vidal.<\/strong><\/h3>\n<p style=\"text-align: justify;\">El productor y director espa\u00f1ol se encuentra en la Ciudad Aut\u00f3noma de Buenos Aires para participar del Festival de Cine en la Usina del Arte, entre otras cuestiones.<\/p>\n<p style=\"text-align: justify;\">El acto se llev\u00f3 a cabo en el Sal\u00f3n Dorado de la Legislatura, y cont\u00f3 con la presencia del Jefe de Gabinete porte\u00f1o, Horacio Rodr\u00edguez Larreta, el Ministro de Cultura, Hern\u00e1n Lombardi, la Ministra de Salud, Graciela Reybaud, los diputados autores del proyecto de declaraci\u00f3n, L\u00eda Rueda y Juan Pablo Arenaza, ambos del PRO.<\/p>\n<p style=\"text-align: justify;\">Ritondo afirm\u00f3 \u201ces un orgullo que uno de los motivos por el cual nos visita Antonio Banderas sea el de asistir al Festival de Cine de la Usina del Arte, un lugar del barrio de La Boca recuperado durante nuestra gesti\u00f3n de Gobierno. Esto reafirma la importancia que merece la cultura de nuestra Ciudad, y es un verdadero orgullo el saber que nuestro visitante tendr\u00e1 el placer de disfrutar de muchas de ellas en sus diversas formas\u201d.<\/p>\n<p style=\"text-align: justify;\">Tambi\u00e9n destac\u00f3 \u201cqueremos que Antonio pueda conocer todas las maravillosas cosas que los porte\u00f1os podemos ofrecerle, recibi\u00e9ndolo como a todos aquellos artistas que llevan el estandarte de la cultura por el mundo\u201d, y finalmente se\u00f1al\u00f3 \u201cuna figura de su porte, contribuye enormemente con el desarrollo art\u00edstico que desde el inicio de nuestra gesti\u00f3n, all\u00e1 por el a\u00f1o 2007, impulsamos desde el Gobierno de la Ciudad para que Buenos Aires est\u00e9 a la vanguardia de las metr\u00f3polis m\u00e1s culturales del mundo. Antonio, sos un porte\u00f1o m\u00e1s\u201c.<\/p>\n<p style=\"text-align: justify;\">\n","protected":false},"excerpt":{"rendered":"<p>El reconocido actor \u00a0fue distinguido en la Legislatura en un acto presidido por el Vicepresidente de la Legislatura, Cristian Ritondo, y la Vice Jefa de Gobierno, Mar\u00eda Eugenia Vidal. El productor y director espa\u00f1ol se encuentra en la Ciudad Aut\u00f3noma de Buenos Aires para participar del Festival de Cine en la Usina del Arte, entre [&hellip;]<\/p>\n","protected":false},"author":9,"featured_media":33397,"comment_status":"closed","ping_status":"closed","sticky":false,"template":"","format":"standard","meta":{"_seopress_robots_primary_cat":"","_seopress_titles_title":"","_seopress_titles_desc":"","_seopress_robots_index":"","footnotes":""},"categories":[4],"tags":[29216],"class_list":{"0":"post-33392","1":"post","2":"type-post","3":"status-publish","4":"format-standard","5":"has-post-thumbnail","7":"category-famosos","8":"tag-antonio-banderas-huesped-de-honor-de-la-ciudad-de-buenos-aires"},"_links":{"self":[{"href":"https:\/\/www.cordobatimes.com\/showup\/wp-json\/wp\/v2\/posts\/33392","targetHints":{"allow":["GET"]}}],"collection":[{"href":"https:\/\/www.cordobatimes.com\/showup\/wp-json\/wp\/v2\/posts"}],"about":[{"href":"https:\/\/www.cordobatimes.com\/showup\/wp-json\/wp\/v2\/types\/post"}],"author":[{"embeddable":true,"href":"https:\/\/www.cordobatimes.com\/showup\/wp-json\/wp\/v2\/users\/9"}],"replies":[{"embeddable":true,"href":"https:\/\/www.cordobatimes.com\/showup\/wp-json\/wp\/v2\/comments?post=33392"}],"version-history":[{"count":0,"href":"https:\/\/www.cordobatimes.com\/showup\/wp-json\/wp\/v2\/posts\/33392\/revisions"}],"wp:featuredmedia":[{"embeddable":true,"href":"https:\/\/www.cordobatimes.com\/showup\/wp-json\/wp\/v2\/media\/33397"}],"wp:attachment":[{"href":"https:\/\/www.cordobatimes.com\/showup\/wp-json\/wp\/v2\/media?parent=33392"}],"wp:term":[{"taxonomy":"category","embeddable":true,"href":"https:\/\/www.cordobatimes.com\/showup\/wp-json\/wp\/v2\/categories?post=33392"},{"taxonomy":"post_tag","embeddable":true,"href":"https:\/\/www.cordobatimes.com\/showup\/wp-json\/wp\/v2\/tags?post=33392"}],"curies":[{"name":"wp","href":"https:\/\/api.w.org\/{rel}","templated":true}]}}