{"id":33324,"date":"2014-11-28T03:19:54","date_gmt":"2014-11-28T06:19:54","guid":{"rendered":"http:\/\/cordobatimes.com\/showup\/?p=33324"},"modified":"2020-02-01T19:12:20","modified_gmt":"2020-02-01T22:12:20","slug":"menu-de-viernes-pastel-de-pollo","status":"publish","type":"post","link":"https:\/\/www.cordobatimes.com\/showup\/cocina\/2014\/11\/28\/menu-de-viernes-pastel-de-pollo\/","title":{"rendered":"Pastel de pollo"},"content":{"rendered":"<p style=\"text-align: justify;\"><span style=\"text-decoration: underline;\"><strong>Ingredientes:<\/strong><\/span><\/p>\n<p style=\"text-align: justify;\">&#8211; Pechuga 1<\/p>\n<p style=\"text-align: justify;\">&#8211; Papas 3<\/p>\n<p style=\"text-align: justify;\">&#8211; Berenjenas 2<\/p>\n<p style=\"text-align: justify;\">&#8211; Queso fresco 200 grs<\/p>\n<p style=\"text-align: justify;\">&#8211; Sal y Pimienta<\/p>\n<p style=\"text-align: justify;\">&#8211; Cebolla 1<\/p>\n<p style=\"text-align: justify;\">&#8211; Aceite de oliva<\/p>\n<p style=\"text-align: justify;\">&#8211; Morr\u00f3n rojo 1<\/p>\n<p style=\"text-align: justify;\">&#8211; Caldo: Agua c\/n<\/p>\n<p style=\"text-align: justify;\">&#8211; Piment\u00f3n y Comino<\/p>\n<p style=\"text-align: justify;\">&#8211; Apio 1 rama<\/p>\n<p style=\"text-align: justify;\">&#8211; Zanahoria 1<\/p>\n<p style=\"text-align: justify;\">&#8211; Morr\u00f3n rojo 1<\/p>\n<p style=\"text-align: justify;\"><span style=\"text-decoration: underline;\"><strong>Preparaci\u00f3n:\u00a0<\/strong><\/span><\/p>\n<p>En fuente para horno, hacer una base de pan de miga, cubrir con el pollo desmenuzado (hervido en el caldo de verduras), sumar el morr\u00f3n en tiritas (asado y sin piel), las papas blanqueadas previamente (en rodajas).<\/p>\n<p>Salpimentar. Hidratar con un poquito de caldo.<\/p>\n<p>Colocar ahora la berenjena y cebolla rehogada en oliva y cubrir con otra l\u00e1mina de pan. Hidratar nuevamente con caldo, y repetir el relleno.<\/p>\n<p>Hidratar y terminar con queso cremoso. Gratinar en horno medio.<\/p>\n<p><strong>La Cocina del C\u00f3rdoba Times.<\/strong><\/p>\n","protected":false},"excerpt":{"rendered":"<p>Ingredientes: &#8211; Pechuga 1 &#8211; Papas 3 &#8211; Berenjenas 2 &#8211; Queso fresco 200 grs &#8211; Sal y Pimienta &#8211; Cebolla 1 &#8211; Aceite de oliva &#8211; Morr\u00f3n rojo 1 &#8211; Caldo: Agua c\/n &#8211; Piment\u00f3n y Comino &#8211; Apio 1 rama &#8211; Zanahoria 1 &#8211; Morr\u00f3n rojo 1 Preparaci\u00f3n:\u00a0 En fuente para horno, hacer [&hellip;]<\/p>\n","protected":false},"author":9,"featured_media":33325,"comment_status":"closed","ping_status":"closed","sticky":false,"template":"","format":"standard","meta":{"_seopress_robots_primary_cat":"","_seopress_titles_title":"","_seopress_titles_desc":"","_seopress_robots_index":"","footnotes":""},"categories":[1,317],"tags":[10853,8394],"class_list":{"0":"post-33324","1":"post","2":"type-post","3":"status-publish","4":"format-standard","5":"has-post-thumbnail","7":"category-cocina","8":"category-recetas","9":"tag-recetas-con-pollo","10":"tag-recetas-de-pollo"},"_links":{"self":[{"href":"https:\/\/www.cordobatimes.com\/showup\/wp-json\/wp\/v2\/posts\/33324","targetHints":{"allow":["GET"]}}],"collection":[{"href":"https:\/\/www.cordobatimes.com\/showup\/wp-json\/wp\/v2\/posts"}],"about":[{"href":"https:\/\/www.cordobatimes.com\/showup\/wp-json\/wp\/v2\/types\/post"}],"author":[{"embeddable":true,"href":"https:\/\/www.cordobatimes.com\/showup\/wp-json\/wp\/v2\/users\/9"}],"replies":[{"embeddable":true,"href":"https:\/\/www.cordobatimes.com\/showup\/wp-json\/wp\/v2\/comments?post=33324"}],"version-history":[{"count":0,"href":"https:\/\/www.cordobatimes.com\/showup\/wp-json\/wp\/v2\/posts\/33324\/revisions"}],"wp:featuredmedia":[{"embeddable":true,"href":"https:\/\/www.cordobatimes.com\/showup\/wp-json\/wp\/v2\/media\/33325"}],"wp:attachment":[{"href":"https:\/\/www.cordobatimes.com\/showup\/wp-json\/wp\/v2\/media?parent=33324"}],"wp:term":[{"taxonomy":"category","embeddable":true,"href":"https:\/\/www.cordobatimes.com\/showup\/wp-json\/wp\/v2\/categories?post=33324"},{"taxonomy":"post_tag","embeddable":true,"href":"https:\/\/www.cordobatimes.com\/showup\/wp-json\/wp\/v2\/tags?post=33324"}],"curies":[{"name":"wp","href":"https:\/\/api.w.org\/{rel}","templated":true}]}}