{"id":3308,"date":"2013-11-18T16:19:24","date_gmt":"2013-11-18T19:19:24","guid":{"rendered":"http:\/\/cordobatimes.com\/showup\/?p=3308"},"modified":"2019-11-30T10:24:33","modified_gmt":"2019-11-30T13:24:33","slug":"will-smith-se-encuentra-en-la-argentina-para-grabar-su-nuevo-film","status":"publish","type":"post","link":"https:\/\/www.cordobatimes.com\/showup\/cine-y-series\/2013\/11\/18\/will-smith-se-encuentra-en-la-argentina-para-grabar-su-nuevo-film\/","title":{"rendered":"Will Smith se encuentra en la Argentina para grabar su nuevo film"},"content":{"rendered":"<h3 style=\"text-align: justify;\"><strong>El famoso actor norteamericano arrib\u00f3 el domingo por la ma\u00f1ana a nuestro pa\u00eds para comenzar a rodar \u00abFocus\u00bb. Los detalles de su visita te los contamos a continuaci\u00f3n.<\/strong><\/h3>\n<p style=\"text-align: justify;\">Desde hoy se comenzaba a filmar las escenas de \u00abFocus\u00bb, el nuevo trabajo cinematogr\u00e1fico protagonizado por Will Smith, quien ya se encuentra disfrutando de su estad\u00eda en la Ciudad Porte\u00f1a.<\/p>\n<p style=\"text-align: justify;\">San Telmo, Puerto Madero, Barracas, Recoleta, Palermo, el microcentro y el aeropuerto de Ezeiza ser\u00e1n algunos de los escenarios en los que se desarrollar\u00e1 la nueva comedia de Warner Bros, y que adem\u00e1s se rodar\u00e1 en Nueva Orleans.<\/p>\n<p style=\"text-align: justify;\">El actor lleg\u00f3 ayer a la Argentina, y se quedar\u00e1 por tres semanas, tiempo que se estima durar\u00e1 el rodaje en nuestro pa\u00eds. A las 16.30 aterriz\u00f3 el avi\u00f3n privado y el actor baj\u00f3 en la mism\u00edsima pista, como una verdadera estrella de Hollywood. De ah\u00ed fue directo al Hotel Hyatt, donde se hospeda.<\/p>\n<p style=\"text-align: justify;\">\u201cLa ciudad de Buenos Aires es verdaderamente protagonista de la pel\u00edcula\u201d, cont\u00f3 hace poco a\u00a0Clar\u00edn\u00a0Mat\u00edas Mosteirin \u2013productor de Kramer &amp; Sigman, la encargada de brindar los servicios de producci\u00f3n local a la pel\u00edcula\u2013. \u00abDe hecho un tercio del filme transcurrir\u00e1 aqu\u00ed, incluso el desenlace\u00bb, agreg\u00f3 la fuente.<\/p>\n<p style=\"text-align: justify;\">Smith, de 45 a\u00f1os, ser\u00e1 un estafador que tiene bajo su ala de protecci\u00f3n a una novata (la australiana Margot Robbie, de 23 a\u00f1os, vista en la serie Pan Am), pero la relaci\u00f3n se complica cuando se enamoran. A\u00f1os despu\u00e9s, ambos se reencuentran cuando \u00e9l planea llevar a cabo un golpe en Buenos Aires, durante una carrera de F\u00f3rmula 1. Adem\u00e1s de Smith y Robbie, vendr\u00e1 al pa\u00eds el carioca Rodrigo Santoro. A ellos se sumar\u00e1n actores argentinos para cubrir roles secundarios, de mayor y menor importancia.<\/p>\n<p style=\"text-align: justify;\">Glenn Ficarra y John Requa, conocidos por ser los directores de \u00abLoco y est\u00fapido amor\u00bb, vinieron por primera vez en junio para la b\u00fasqueda de las locaciones. Y luego en agosto, se reunieron los jefes de equipos t\u00e9cnicos locales y extranjeros. La productora Denise Di Novi dijo: \u201cEstoy feliz de filmar en una de las ciudades m\u00e1s excitantes y hermosas del mundo. La sofisticaci\u00f3n, romance y la complejidad de Buenos Aires son perfectas para el filme\u201d.<\/p>\n<blockquote>\n<p style=\"text-align: justify;\">\u201cLa ciudad porte\u00f1a ser\u00e1 un elemento protag\u00f3nico en la historia y la pel\u00edcula le otorgar\u00e1 un enorme lucimiento internacional y masivo. La ciudad ser\u00e1 retratada como atractiva, estilizada, cosmopolita, sofisticada y arquitect\u00f3nicamente bella y agradable\u201d, dice un comunicado enviado por el Ministerio de Desarrollo porte\u00f1o.<\/p>\n<\/blockquote>\n<p style=\"text-align: justify;\">Clar\u00edn\u00a0pudo averiguar que el rodaje se inicia hoy lunes en Ezeiza y seguir\u00e1 en el centro. Tambi\u00e9n se supo que el 25 de noviembre en adelante estar\u00e1 cortado el tr\u00e1nsito en la calle Maip\u00fa, entre avenida Santa Fe y Arenales, en diferentes horarios que ser\u00e1n informados por el Gobierno porte\u00f1o.<\/p>\n<p style=\"text-align: justify;\">Por su parte, Will ya est\u00e1 disfrutando de las atracciones que Buenos Aires tiene para ofrecerle, ya que comparti\u00f3 junto a importantes personalidades, tales como la modelo Ingrid Grudke, una tarde de polo y caballos en Palermo.<\/p>\n<blockquote class=\"twitter-tweet\" data-lang=\"es\">\n<p dir=\"ltr\" lang=\"es\">Abierto de polo junto a <a href=\"https:\/\/twitter.com\/hashtag\/WillSmith?src=hash&amp;ref_src=twsrc%5Etfw\">#WillSmith<\/a> y <a href=\"https:\/\/twitter.com\/ParkHyattBA?ref_src=twsrc%5Etfw\">@parkhyattba<\/a> alentando a <a href=\"https:\/\/twitter.com\/lanatividadpolo?ref_src=twsrc%5Etfw\">@lanatividadpolo<\/a> <a href=\"http:\/\/t.co\/3R7bs600EM\">pic.twitter.com\/3R7bs600EM<\/a><\/p>\n<p>\u2014 Ingrid Grudke (@ingridgrudkeok) <a href=\"https:\/\/twitter.com\/ingridgrudkeok\/status\/402254658464673792?ref_src=twsrc%5Etfw\">18 de noviembre de 2013<\/a><\/p><\/blockquote>\n<p><script async src=\"https:\/\/platform.twitter.com\/widgets.js\" charset=\"utf-8\"><\/script><\/p>\n","protected":false},"excerpt":{"rendered":"<p>El famoso actor norteamericano arrib\u00f3 el domingo por la ma\u00f1ana a nuestro pa\u00eds para comenzar a rodar \u00abFocus\u00bb. Los detalles de su visita te los contamos a continuaci\u00f3n. Desde hoy se comenzaba a filmar las escenas de \u00abFocus\u00bb, el nuevo trabajo cinematogr\u00e1fico protagonizado por Will Smith, quien ya se encuentra disfrutando de su estad\u00eda en [&hellip;]<\/p>\n","protected":false},"author":8,"featured_media":3312,"comment_status":"closed","ping_status":"closed","sticky":false,"template":"","format":"standard","meta":{"_seopress_robots_primary_cat":"","_seopress_titles_title":"","_seopress_titles_desc":"","_seopress_robots_index":"","footnotes":""},"categories":[3],"tags":[325,26369,26370,26371],"class_list":{"0":"post-3308","1":"post","2":"type-post","3":"status-publish","4":"format-standard","5":"has-post-thumbnail","7":"category-cine-y-series","8":"tag-willsmithenargentina","9":"tag-will-smith-en-argentina","10":"tag-will-smith-focus","11":"tag-will-smith-ingrid-grudke"},"_links":{"self":[{"href":"https:\/\/www.cordobatimes.com\/showup\/wp-json\/wp\/v2\/posts\/3308","targetHints":{"allow":["GET"]}}],"collection":[{"href":"https:\/\/www.cordobatimes.com\/showup\/wp-json\/wp\/v2\/posts"}],"about":[{"href":"https:\/\/www.cordobatimes.com\/showup\/wp-json\/wp\/v2\/types\/post"}],"author":[{"embeddable":true,"href":"https:\/\/www.cordobatimes.com\/showup\/wp-json\/wp\/v2\/users\/8"}],"replies":[{"embeddable":true,"href":"https:\/\/www.cordobatimes.com\/showup\/wp-json\/wp\/v2\/comments?post=3308"}],"version-history":[{"count":0,"href":"https:\/\/www.cordobatimes.com\/showup\/wp-json\/wp\/v2\/posts\/3308\/revisions"}],"wp:featuredmedia":[{"embeddable":true,"href":"https:\/\/www.cordobatimes.com\/showup\/wp-json\/wp\/v2\/media\/3312"}],"wp:attachment":[{"href":"https:\/\/www.cordobatimes.com\/showup\/wp-json\/wp\/v2\/media?parent=3308"}],"wp:term":[{"taxonomy":"category","embeddable":true,"href":"https:\/\/www.cordobatimes.com\/showup\/wp-json\/wp\/v2\/categories?post=3308"},{"taxonomy":"post_tag","embeddable":true,"href":"https:\/\/www.cordobatimes.com\/showup\/wp-json\/wp\/v2\/tags?post=3308"}],"curies":[{"name":"wp","href":"https:\/\/api.w.org\/{rel}","templated":true}]}}