{"id":33042,"date":"2014-11-24T13:21:21","date_gmt":"2014-11-24T16:21:21","guid":{"rendered":"http:\/\/cordobatimes.com\/showup\/?p=33042"},"modified":"2024-01-15T18:40:55","modified_gmt":"2024-01-15T21:40:55","slug":"no-lo-viste-calle-13-canto-por-los-43-estudiantes-mejicanos-video","status":"publish","type":"post","link":"https:\/\/www.cordobatimes.com\/showup\/musica\/2014\/11\/24\/no-lo-viste-calle-13-canto-por-los-43-estudiantes-mejicanos-video\/","title":{"rendered":"\u00bfNo lo viste? Calle 13 cant\u00f3 por los 43 estudiantes mejicanos (Video)"},"content":{"rendered":"<h3 style=\"text-align: justify;\"><strong>Los Grammys Latinos contaron con el show de la reconocida banda y \u00a0donde el querido Ren\u00e9 P\u00e9rez no se call\u00f3 nada y peg\u00f3 un grito en alto por los j\u00f3venes masacrados en M\u00e9xico.<\/strong><\/h3>\n<p>\u00abAyotzinapa somos todos\u00bb, expres\u00f3 Ren\u00e9 P\u00e9rez con una remera que afirmaba \u00abfaltan 43\u00bb. Luego, continu\u00f3: \u00abNo podemos dejar que esto siga sucediendo en estos tiempos, \u00a1qu\u00e9 viva M\u00e9xico\u00bb.<\/p>\n<p>Pero en un descargo posterior a la entrega de premios que, obviamente no sali\u00f3 para las c\u00e1maras del Grammy, Residente tuvo palabras duras, cuando dijo que le avisaron que no se refiera al tema. Obviamente, no hizo caso.<\/p>\n<p>\u00abEs una irresponsabilidad que me hayan dicho eso. Sobre las desapariciones de los estudiantes hay que decirlo, no puede quedar impune. Esto no es pol\u00edtico es algo de Derechos Humanos. Pienso que todos los artistas lo deber\u00edan decir\u00bb, expres\u00f3.<\/p>\n<h3 style=\"text-align: justify;\"><a href=\"http:\/\/cordobatimes.com\/showup\/wp-content\/uploads\/2014\/11\/rene.jpg\"><img loading=\"lazy\" decoding=\"async\" class=\"alignnone size-full wp-image-33070\" src=\"http:\/\/cordobatimes.com\/showup\/wp-content\/uploads\/2014\/11\/rene.jpg\" alt=\"rene\" width=\"640\" height=\"427\" data-id=\"33070\" srcset=\"https:\/\/www.cordobatimes.com\/showup\/wp-content\/uploads\/2014\/11\/rene.jpg 640w, https:\/\/www.cordobatimes.com\/showup\/wp-content\/uploads\/2014\/11\/rene-300x200.jpg 300w\" sizes=\"auto, (max-width: 640px) 100vw, 640px\" \/><\/a><\/h3>\n<p><iframe loading=\"lazy\" src=\"\/\/www.youtube.com\/embed\/TPwEogxPG0s\" width=\"420\" height=\"315\" frameborder=\"0\" allowfullscreen=\"allowfullscreen\"><\/iframe><\/p>\n<p>&nbsp;<\/p>\n","protected":false},"excerpt":{"rendered":"<p>Los Grammys Latinos contaron con el show de la reconocida banda y \u00a0donde el querido Ren\u00e9 P\u00e9rez no se call\u00f3 nada y peg\u00f3 un grito en alto por los j\u00f3venes masacrados en M\u00e9xico. \u00abAyotzinapa somos todos\u00bb, expres\u00f3 Ren\u00e9 P\u00e9rez con una remera que afirmaba \u00abfaltan 43\u00bb. Luego, continu\u00f3: \u00abNo podemos dejar que esto siga sucediendo [&hellip;]<\/p>\n","protected":false},"author":9,"featured_media":33071,"comment_status":"closed","ping_status":"closed","sticky":false,"template":"","format":"standard","meta":{"_seopress_robots_primary_cat":"","_seopress_titles_title":"","_seopress_titles_desc":"","_seopress_robots_index":"","footnotes":""},"categories":[5],"tags":[29247,29248],"class_list":{"0":"post-33042","1":"post","2":"type-post","3":"status-publish","4":"format-standard","5":"has-post-thumbnail","7":"category-musica","8":"tag-calle-13-canto-por-los-43-estudiantes-mejicanos","9":"tag-rene-perez-jovenes-masacrados-en-mexico"},"_links":{"self":[{"href":"https:\/\/www.cordobatimes.com\/showup\/wp-json\/wp\/v2\/posts\/33042","targetHints":{"allow":["GET"]}}],"collection":[{"href":"https:\/\/www.cordobatimes.com\/showup\/wp-json\/wp\/v2\/posts"}],"about":[{"href":"https:\/\/www.cordobatimes.com\/showup\/wp-json\/wp\/v2\/types\/post"}],"author":[{"embeddable":true,"href":"https:\/\/www.cordobatimes.com\/showup\/wp-json\/wp\/v2\/users\/9"}],"replies":[{"embeddable":true,"href":"https:\/\/www.cordobatimes.com\/showup\/wp-json\/wp\/v2\/comments?post=33042"}],"version-history":[{"count":0,"href":"https:\/\/www.cordobatimes.com\/showup\/wp-json\/wp\/v2\/posts\/33042\/revisions"}],"wp:featuredmedia":[{"embeddable":true,"href":"https:\/\/www.cordobatimes.com\/showup\/wp-json\/wp\/v2\/media\/33071"}],"wp:attachment":[{"href":"https:\/\/www.cordobatimes.com\/showup\/wp-json\/wp\/v2\/media?parent=33042"}],"wp:term":[{"taxonomy":"category","embeddable":true,"href":"https:\/\/www.cordobatimes.com\/showup\/wp-json\/wp\/v2\/categories?post=33042"},{"taxonomy":"post_tag","embeddable":true,"href":"https:\/\/www.cordobatimes.com\/showup\/wp-json\/wp\/v2\/tags?post=33042"}],"curies":[{"name":"wp","href":"https:\/\/api.w.org\/{rel}","templated":true}]}}