{"id":33030,"date":"2014-11-23T14:32:40","date_gmt":"2014-11-23T17:32:40","guid":{"rendered":"http:\/\/cordobatimes.com\/showup\/?p=33030"},"modified":"2020-02-02T09:41:31","modified_gmt":"2020-02-02T12:41:31","slug":"la-cantante-isabel-pantoja-ya-se-encuentra-cumpliendo-su-condena-en-prision","status":"publish","type":"post","link":"https:\/\/www.cordobatimes.com\/showup\/famosos\/2014\/11\/23\/la-cantante-isabel-pantoja-ya-se-encuentra-cumpliendo-su-condena-en-prision\/","title":{"rendered":"La cantante Isabel Pantoja ya se encuentra cumpliendo su condena en prisi\u00f3n"},"content":{"rendered":"<h3 style=\"text-align: justify;\"><b>La reconocida cantautora ingres\u00f3 ayer a la c\u00e1rcel Alcal\u00e1 de Guada\u00edra por blanqueo de capitales y por haber ayudado al ex alcalde de Marbella, Juli\u00e1n Mu\u00f1oz, cuando eran pareja.<\/b><\/h3>\n<p style=\"text-align: justify;\">Pantoja eligi\u00f3 esa prisi\u00f3n para cumplir la condena que est\u00e1 situada a poco m\u00e1s de 20 kil\u00f3metros de Sevilla, tiene 150 reclusas y est\u00e1 considerada una de las menos conflictivas de Espa\u00f1a.<\/p>\n<p style=\"text-align: justify;\">Seg\u00fan informaron los medios espa\u00f1oles, el servicio penitenciario asegur\u00f3 que \u201cno recibir\u00e1 trato especial\u201d. Pantoja recibi\u00f3 la condena en abril de 2013 y al mismo tiempo se la mult\u00f3 con 1,15 mill\u00f3n de euros.<\/p>\n<p style=\"text-align: justify;\">Seg\u00fan el juez, la cantante blanque\u00f3 continuadamente el capital obtenido irregularmente por su ex pareja conociendo su \u201corigen il\u00edcito\u201d. Desde entonces, ella interpuso todos los recursos judiciales posibles para evitar su encarcelaci\u00f3n. Todos esos intentos fueron rechazados. Y el jueves le lleg\u00f3 una notificaci\u00f3n del tribunal que le informaba de un plazo de tres d\u00edas para entrar a prisi\u00f3n. Ella decidi\u00f3 no agotarlo y se present\u00f3 voluntariamente.<\/p>\n<p style=\"text-align: justify;\">Quien tambi\u00e9n est\u00e1 en la misma c\u00e1rcel es la ex de Mu\u00f1oz, Maite Zald\u00edvar, quien fue condenada por la misma causa a tres a\u00f1os de prisi\u00f3n. En tanto, Mu\u00f1oz, su ex pareja, quien fuera alcalde de Marbella entre mayo de 2002 y agosto de 2003, estar\u00e1 siete a\u00f1os en prisi\u00f3n. Todas las encarcelaciones se dieron en el marco de la investigaci\u00f3n denominada \u201ccaso Malaya\u201d.<\/p>\n<p style=\"text-align: justify;\">Fuente: Diario Perfil.<\/p>\n","protected":false},"excerpt":{"rendered":"<p>La reconocida cantautora ingres\u00f3 ayer a la c\u00e1rcel Alcal\u00e1 de Guada\u00edra por blanqueo de capitales y por haber ayudado al ex alcalde de Marbella, Juli\u00e1n Mu\u00f1oz, cuando eran pareja. Pantoja eligi\u00f3 esa prisi\u00f3n para cumplir la condena que est\u00e1 situada a poco m\u00e1s de 20 kil\u00f3metros de Sevilla, tiene 150 reclusas y est\u00e1 considerada una [&hellip;]<\/p>\n","protected":false},"author":9,"featured_media":33031,"comment_status":"closed","ping_status":"closed","sticky":false,"template":"","format":"standard","meta":{"_seopress_robots_primary_cat":"","_seopress_titles_title":"","_seopress_titles_desc":"","_seopress_robots_index":"","footnotes":""},"categories":[4],"tags":[29251,29252,29250],"class_list":{"0":"post-33030","1":"post","2":"type-post","3":"status-publish","4":"format-standard","5":"has-post-thumbnail","7":"category-famosos","8":"tag-isabel-pantoja-blanqueo-de-capitales","9":"tag-isabel-pantoja-ex-alcalde-de-marbella-julian-munoz","10":"tag-isabel-pantoja-presa"},"_links":{"self":[{"href":"https:\/\/www.cordobatimes.com\/showup\/wp-json\/wp\/v2\/posts\/33030","targetHints":{"allow":["GET"]}}],"collection":[{"href":"https:\/\/www.cordobatimes.com\/showup\/wp-json\/wp\/v2\/posts"}],"about":[{"href":"https:\/\/www.cordobatimes.com\/showup\/wp-json\/wp\/v2\/types\/post"}],"author":[{"embeddable":true,"href":"https:\/\/www.cordobatimes.com\/showup\/wp-json\/wp\/v2\/users\/9"}],"replies":[{"embeddable":true,"href":"https:\/\/www.cordobatimes.com\/showup\/wp-json\/wp\/v2\/comments?post=33030"}],"version-history":[{"count":0,"href":"https:\/\/www.cordobatimes.com\/showup\/wp-json\/wp\/v2\/posts\/33030\/revisions"}],"wp:featuredmedia":[{"embeddable":true,"href":"https:\/\/www.cordobatimes.com\/showup\/wp-json\/wp\/v2\/media\/33031"}],"wp:attachment":[{"href":"https:\/\/www.cordobatimes.com\/showup\/wp-json\/wp\/v2\/media?parent=33030"}],"wp:term":[{"taxonomy":"category","embeddable":true,"href":"https:\/\/www.cordobatimes.com\/showup\/wp-json\/wp\/v2\/categories?post=33030"},{"taxonomy":"post_tag","embeddable":true,"href":"https:\/\/www.cordobatimes.com\/showup\/wp-json\/wp\/v2\/tags?post=33030"}],"curies":[{"name":"wp","href":"https:\/\/api.w.org\/{rel}","templated":true}]}}